{"id":7694,"date":"2025-07-16T14:06:16","date_gmt":"2025-07-16T13:06:16","guid":{"rendered":"https:\/\/informacionlocal.es\/begruessung-der-drei-auszubildenden-im-rathaus-von-antigua\/"},"modified":"2025-07-16T14:06:16","modified_gmt":"2025-07-16T13:06:16","slug":"begruessung-der-drei-auszubildenden-im-rathaus-von-antigua","status":"publish","type":"post","link":"https:\/\/informacionlocal.es\/de\/begruessung-der-drei-auszubildenden-im-rathaus-von-antigua\/","title":{"rendered":"Begr\u00fc\u00dfung der drei Auszubildenden im Rathaus von Antigua"},"content":{"rendered":"<div class=\"elementor-widget-container\">\n<p><strong>Begr\u00fc\u00dfung der drei Auszubildenden im Rathaus von Antigua<\/strong><\/p>\n<p><strong>&#8211; Die in Antigua lebenden Studenten werden bis zum 26. August in der Stadtbibliothek mitarbeiten, um deren Dienstleistungen und Aktivit\u00e4ten zu verst\u00e4rken.  <\/strong><br \/><strong>&#8211; Die jungen Frauen haben sich f\u00fcr eine Stelle im Rathaus von Antigua entschieden und sind Teil des mit dem Cabildo von Fuerteventura vereinbarten Stipendienprogramms f\u00fcr Praktika.<\/strong><\/p>\n<p>Der B\u00fcrgermeister, Mat\u00edas Pe\u00f1a Garc\u00eda, begr\u00fc\u00dfte am Mittwochmorgen, den 16., die drei Praktikanten, die sich der T\u00e4tigkeit des Rathauses von Antigua anschlie\u00dfen und insbesondere den Dienst der Stadtbibliothek verst\u00e4rken und gew\u00e4hrleisten, indem sie Aktivit\u00e4ten koordinieren, dynamisieren und vorschlagen.<\/p>\n<p>Aida Regalado Lastra, Nadia Hern\u00e1ndez Robaina und Oihane Salcedo Santana sind Nachbarinnen von Antigua, so der B\u00fcrgermeister, und es erf\u00fcllt sie mit Stolz zu sehen, wie sie ihr Studium abgeschlossen haben und sich f\u00fcr ihre Stadt einsetzen.<\/p>\n<p>Die drei Studentinnen, die ihren Abschluss in Grundschul- und Kleinkindp\u00e4dagogik gemacht haben, werden sicherlich eine dynamische und kulturelle Arbeit mit den Nutzern der Bibliothek von Antigua leisten, insbesondere mit den j\u00fcngsten Kindern, sagt B\u00fcrgermeister Mat\u00edas Pe\u00f1a, der den jungen Frauen zu ihrem Studium gratuliert und ihnen f\u00fcr ihre Bereitschaft gedankt hat, bis zum 26. August zur t\u00e4glichen Arbeit im Rathaus von Antigua beizutragen.<\/p>\n<\/div>\n","protected":false},"excerpt":{"rendered":"<p><strong>Begr\u00fc\u00dfung der drei Auszubildenden im Rathaus von Antigua<\/strong><\/p>\n","protected":false},"author":1,"featured_media":7691,"comment_status":"open","ping_status":"open","sticky":false,"template":"","format":"standard","meta":{"inline_featured_image":false,"jnews-multi-image_gallery":[],"jnews_single_post":[],"jnews_primary_category":[],"jnews_social_meta":[],"jnews_override_counter":[],"jnews_post_split":[],"footnotes":""},"categories":[283],"tags":[306,216],"class_list":["post-7694","post","type-post","status-publish","format-standard","has-post-thumbnail","hentry","category-antigua-de","tag-educacion-de","tag-fuerteventura-de"],"jetpack_featured_media_url":"https:\/\/informacionlocal.es\/wp-content\/uploads\/2025\/07\/el-alcalde-da-la-bienvenida-a-las-estudiantes-en-practicas-incoporadas-en-el-ayuntamiento-2-scaled-1.jpg","_links":{"self":[{"href":"https:\/\/informacionlocal.es\/de\/wp-json\/wp\/v2\/posts\/7694","targetHints":{"allow":["GET"]}}],"collection":[{"href":"https:\/\/informacionlocal.es\/de\/wp-json\/wp\/v2\/posts"}],"about":[{"href":"https:\/\/informacionlocal.es\/de\/wp-json\/wp\/v2\/types\/post"}],"author":[{"embeddable":true,"href":"https:\/\/informacionlocal.es\/de\/wp-json\/wp\/v2\/users\/1"}],"replies":[{"embeddable":true,"href":"https:\/\/informacionlocal.es\/de\/wp-json\/wp\/v2\/comments?post=7694"}],"version-history":[{"count":0,"href":"https:\/\/informacionlocal.es\/de\/wp-json\/wp\/v2\/posts\/7694\/revisions"}],"wp:featuredmedia":[{"embeddable":true,"href":"https:\/\/informacionlocal.es\/de\/wp-json\/wp\/v2\/media\/7691"}],"wp:attachment":[{"href":"https:\/\/informacionlocal.es\/de\/wp-json\/wp\/v2\/media?parent=7694"}],"wp:term":[{"taxonomy":"category","embeddable":true,"href":"https:\/\/informacionlocal.es\/de\/wp-json\/wp\/v2\/categories?post=7694"},{"taxonomy":"post_tag","embeddable":true,"href":"https:\/\/informacionlocal.es\/de\/wp-json\/wp\/v2\/tags?post=7694"}],"curies":[{"name":"wp","href":"https:\/\/api.w.org\/{rel}","templated":true}]}}