{"id":7682,"date":"2025-07-16T12:59:41","date_gmt":"2025-07-16T11:59:41","guid":{"rendered":"https:\/\/informacionlocal.es\/fuerte-por-naturaleza-schliesst-die-arbeiten-in-vallebron-ab-und-beginnt-mit-der-nachhaltigen-sanierung-der-landschaft-von-valle-grande\/"},"modified":"2025-07-16T12:59:41","modified_gmt":"2025-07-16T11:59:41","slug":"fuerte-por-naturaleza-schliesst-die-arbeiten-in-vallebron-ab-und-beginnt-mit-der-nachhaltigen-sanierung-der-landschaft-von-valle-grande","status":"publish","type":"post","link":"https:\/\/informacionlocal.es\/de\/fuerte-por-naturaleza-schliesst-die-arbeiten-in-vallebron-ab-und-beginnt-mit-der-nachhaltigen-sanierung-der-landschaft-von-valle-grande\/","title":{"rendered":"Fuerte por Naturaleza&#8220; schlie\u00dft die Arbeiten in Vallebr\u00f3n ab und beginnt mit der nachhaltigen Sanierung der Landschaft von Valle Grande."},"content":{"rendered":"<div class=\"entry-content\"><strong>16. Juli, 2025<\/strong><\/p>\n<p><strong>Diese Ma\u00dfnahmen werden vom regionalen Ministerium f\u00fcr Tourismus vorgeschlagen und durch die EU-Fonds der n\u00e4chsten Generation unterst\u00fctzt.<\/strong><\/p>\n<p><strong>Lola Garc\u00eda: &#8222;Es ist wichtig, Ma\u00dfnahmen zur Wiederherstellung der landwirtschaftlichen Landschaft der Majoreros zu f\u00f6rdern und sich dabei auf traditionelle Systeme wie die Gavias zu konzentrieren, die Teil unserer Identit\u00e4t als Volk der Majoreros sind&#8220;.<\/strong><\/p>\n<p><strong>Marlene Figueroa: &#8222;Es gibt Landschaften, die unsere Insel pr\u00e4gen und somit Teil unseres identit\u00e4tsstiftenden Erbes sind; La Oliva hat mehrere Beispiele, die uns in den Augen des Besuchers definieren und darstellen&#8220;.<\/strong><\/p>\n<p>Das Cabildo de Fuerteventura hat im Rahmen des Programms &#8222;Fuerte por Naturaleza&#8220; des Fremdenverkehrsamtes einen neuen Aktionsbereich in Angriff genommen, n\u00e4mlich die nachhaltige Sanierung des Naturschutzgebietes Valle Grande, nachdem die Ma\u00dfnahme in Vallebr\u00f3n erfolgreich abgeschlossen wurde, und zwar sowohl in der Gemeinde La Oliva als auch mit Unterst\u00fctzung durch die EU-Fonds der n\u00e4chsten Generation.<\/p>\n<p>Laut der Pr\u00e4sidentin des Cabildo von Fuerteventura, Lola Garc\u00eda, &#8222;sind beide Aktionen Teil der Arbeit der Inselgesellschaft zum Schutz unseres Territoriums und unserer Landschaft. In diesem Fall mit Ma\u00dfnahmen zur Wiederherstellung des urspr\u00fcnglichen Zustands der landwirtschaftlichen Landschaft der Region und der traditionellen landwirtschaftlichen Systeme wie die Gavias, die als ethnografische Elemente und f\u00fcr die Nutzung des Wassers auf Fuerteventura Teil unserer Identit\u00e4t sind&#8220;.<\/p>\n<p>Die Stadtr\u00e4tin f\u00fcr Tourismus, Marlene Figueroa, erkl\u00e4rt, dass &#8222;es Landschaften gibt, die unsere Insel pr\u00e4gen und daher Teil unseres identit\u00e4tsstiftenden Erbes sind, sie sind ein Wahrzeichen Fuerteventuras und der Lebensart der Menschen auf Fuerteventura&#8220;.<\/p>\n<p>Figueroa f\u00fcgt hinzu, dass &#8222;wir in der Gemeinde La Oliva einige sehr wichtige Beispiele haben, die uns als Majoreros definieren und die uns auch in den Augen der Besucher mit einer bestimmten Art zu sein und zu f\u00fchlen auszeichnen&#8220;.<\/p>\n<p>Die vorangegangene Ma\u00dfnahme zur Sanierung des Naturschutzgebietes Vallebr\u00f3n, die auch in den mit EU-Mitteln der n\u00e4chsten Generation finanzierten Plan f\u00fcr die Nachhaltigkeit des Tourismus im Reiseziel &#8222;Fuerte por naturaleza&#8220; aufgenommen wurde, hat das Ziel der Umgestaltung des Reiseziels durch die Optimierung und Integration aller touristischen Ressourcen Fuerteventuras, die Nutzung neuer Technologien und die Gew\u00e4hrleistung der sozialen, \u00f6kologischen und wirtschaftlichen Nachhaltigkeit der Insel erleichtert.<\/p>\n<p><strong>Neues Gebiet: Valle Grande<\/strong><\/p>\n<p>Die nachhaltige Sanierung der gesch\u00fctzten Naturlandschaft Valle Grande ist Teil des Programms &#8222;Fuerte por Naturaleza&#8220; des Plans f\u00fcr nachhaltigen Tourismus in Reisezielen und verf\u00fcgt \u00fcber ein Budget von mehr als 255.000 Euro im Rahmen des von der Europ\u00e4ischen Union finanzierten Plans f\u00fcr Wiederaufbau, Transformation und Resilienz der spanischen Regierung (EU-Mittel der n\u00e4chsten Generation).<\/p>\n<p>Die Arbeiten werden im Rahmen eines Auftrags des Cabildo an dessen Gesplan (Gesti\u00f3n y Planeamiento Territorial y Medioambiental) durchgef\u00fchrt und haben eine verl\u00e4ngerbare Ausf\u00fchrungsfrist von einem halben Jahr.<\/p>\n<p>Das Hauptziel dieser Aktion ist die Erhaltung und Verbesserung der nat\u00fcrlichen Umwelt von Valle Grande durch traditionelle Techniken zur Wiederherstellung der Landschaft, wobei der Schwerpunkt auf der Sanierung von Steinmauern und traditionellen landwirtschaftlichen Systemen wie Gavias liegt, die grundlegende Elemente der Landschaft und der l\u00e4ndlichen Identit\u00e4t Fuerteventuras sind.<\/p>\n<p>Diese Ma\u00dfnahmen dienen nicht nur der Erhaltung des Naturerbes, sondern erm\u00f6glichen auch die Wiederherstellung von Bedingungen, die die Wasserr\u00fcckhaltung und die Erhaltung der lokalen Artenvielfalt beg\u00fcnstigen.<\/p>\n<p>Zu den geplanten Ma\u00dfnahmen geh\u00f6ren die Reinigung und Instandsetzung von Steinmauern, die Wiederherstellung von Regenwassersammelgr\u00e4ben, die Wiederherstellung der Landschaft mit nachhaltigen Techniken und die Beseitigung von Elementen, die der nat\u00fcrlichen Umgebung fremd sind.<\/p>\n<\/div>\n","protected":false},"excerpt":{"rendered":"<p>16. Juli, 2025 Diese Ma\u00dfnahmen werden vom regionalen Ministerium f\u00fcr Tourismus vorgeschlagen und durch die EU-Fonds der n\u00e4chsten Generation unterst\u00fctzt. Lola Garc\u00eda: &#8222;Es ist wichtig, Ma\u00dfnahmen zur Wiederherstellung der landwirtschaftlichen [&hellip;]<\/p>\n","protected":false},"author":1,"featured_media":7679,"comment_status":"open","ping_status":"open","sticky":false,"template":"","format":"standard","meta":{"inline_featured_image":false,"jnews-multi-image_gallery":[],"jnews_single_post":[],"jnews_primary_category":[],"jnews_social_meta":[],"jnews_override_counter":[],"jnews_post_split":[],"footnotes":""},"categories":[287],"tags":[216],"class_list":["post-7682","post","type-post","status-publish","format-standard","has-post-thumbnail","hentry","category-cabildo-de","tag-fuerteventura-de"],"jetpack_featured_media_url":"https:\/\/informacionlocal.es\/wp-content\/uploads\/2025\/07\/ee77e.jpeg","_links":{"self":[{"href":"https:\/\/informacionlocal.es\/de\/wp-json\/wp\/v2\/posts\/7682","targetHints":{"allow":["GET"]}}],"collection":[{"href":"https:\/\/informacionlocal.es\/de\/wp-json\/wp\/v2\/posts"}],"about":[{"href":"https:\/\/informacionlocal.es\/de\/wp-json\/wp\/v2\/types\/post"}],"author":[{"embeddable":true,"href":"https:\/\/informacionlocal.es\/de\/wp-json\/wp\/v2\/users\/1"}],"replies":[{"embeddable":true,"href":"https:\/\/informacionlocal.es\/de\/wp-json\/wp\/v2\/comments?post=7682"}],"version-history":[{"count":0,"href":"https:\/\/informacionlocal.es\/de\/wp-json\/wp\/v2\/posts\/7682\/revisions"}],"wp:featuredmedia":[{"embeddable":true,"href":"https:\/\/informacionlocal.es\/de\/wp-json\/wp\/v2\/media\/7679"}],"wp:attachment":[{"href":"https:\/\/informacionlocal.es\/de\/wp-json\/wp\/v2\/media?parent=7682"}],"wp:term":[{"taxonomy":"category","embeddable":true,"href":"https:\/\/informacionlocal.es\/de\/wp-json\/wp\/v2\/categories?post=7682"},{"taxonomy":"post_tag","embeddable":true,"href":"https:\/\/informacionlocal.es\/de\/wp-json\/wp\/v2\/tags?post=7682"}],"curies":[{"name":"wp","href":"https:\/\/api.w.org\/{rel}","templated":true}]}}