{"id":7673,"date":"2025-07-15T23:58:46","date_gmt":"2025-07-15T22:58:46","guid":{"rendered":"https:\/\/informacionlocal.es\/stadtrat-und-altihay-unterzeichnen-vereinbarung-zur-sensibilisierung-und-zum-schutz-der-rechte-von-lgtbi\/"},"modified":"2025-07-15T23:58:46","modified_gmt":"2025-07-15T22:58:46","slug":"stadtrat-und-altihay-unterzeichnen-vereinbarung-zur-sensibilisierung-und-zum-schutz-der-rechte-von-lgtbi","status":"publish","type":"post","link":"https:\/\/informacionlocal.es\/de\/stadtrat-und-altihay-unterzeichnen-vereinbarung-zur-sensibilisierung-und-zum-schutz-der-rechte-von-lgtbi\/","title":{"rendered":"Stadtrat und ALTIHAY unterzeichnen Vereinbarung zur Sensibilisierung und zum Schutz der Rechte von LGTBI+"},"content":{"rendered":"<div class=\"entry-content\">\n<p>In einem festen Bekenntnis zu den Werten der Gleichheit, des Respekts und des sozialen Zusammenhalts hat der Stadtrat von Puerto del Rosario am Montag, den 14. Juli, eine Kooperationsvereinbarung mit der Asociaci\u00f3n ALTIHAY Fuerteventura, Colectivo LGTBI+, f\u00fcr die Umsetzung des Projekts &#8222;Puerto Diverso 2024&#8220; unterzeichnet. Die Initiative zielt darauf ab, den Aufbau einer integrativeren, pluralen und diskriminierungsfreien Gemeinde voranzutreiben. <\/p>\n<p>Das Hauptziel des Projekts ist es, die \u00d6ffentlichkeit f\u00fcr die Realit\u00e4t von LGTBI+ Menschen zu sensibilisieren, die Vielfalt der affektiv-sexuellen, famili\u00e4ren und geschlechtlichen Identit\u00e4t sichtbar zu machen und aktiv zur Beseitigung von Stigmata, Hassreden und Bel\u00e4stigungen beizutragen, die in verschiedenen sozialen Bereichen noch immer bestehen.<\/p>\n<p>Anl\u00e4sslich der Unterzeichnung des Abkommens erkl\u00e4rte der B\u00fcrgermeister von Puerto del Rosario, <strong>David de Vera<\/strong>, dass <em>&#8222;wir vom Stadtrat verstehen, dass eine demokratische Gesellschaft nicht aufgebaut werden kann, ohne die W\u00fcrde und die Rechte aller Menschen zu garantieren. Dieses Projekt ist ein Schritt vorw\u00e4rts in unserer institutionellen Arbeit zur F\u00f6rderung einer echten und effektiven Gleichstellung&#8220;.<\/em><\/p>\n<p>Die Stadtr\u00e4tin f\u00fcr Gleichstellung, LGTBI und Vielfalt, <strong>Tacoremi Guti\u00e9rrez<\/strong>, betonte ihrerseits, dass <em>&#8222;Puerto Diverso 2024 mit der Berufung geboren wurde, sichere, kreative und transformative R\u00e4ume zu schaffen. Wir engagieren uns f\u00fcr Initiativen, die Vielfalt sichtbar machen und die LGTBI+-Bev\u00f6lkerung st\u00e4rken, insbesondere in Kontexten, in denen noch immer kulturelle und soziale Barrieren bestehen&#8220;.<\/em><\/p>\n<p><strong>Handlungsschwerpunkte des Projekts<\/strong><\/p>\n<p>Zu den wichtigsten Aktionslinien von &#8222;Port Diverse 2024&#8220; geh\u00f6ren:<\/p>\n<ul>\n<li><strong>Die Sichtbarkeit von LGTBI+-Familien<\/strong> als Teil des sozialen Gef\u00fcges der Gemeinde durch Ma\u00dfnahmen, die ihre Vertretung in den Bereichen Bildung, Kultur und Gemeinschaft f\u00f6rdern.<\/li>\n<li><strong>Die F\u00f6rderung einer inklusiven Freizeitkultur<\/strong> durch k\u00fcnstlerische und kreative Aktivit\u00e4ten, die die aktive Teilnahme von LGTBI+ Menschen in \u00f6ffentlichen R\u00e4umen und Kulturzentren f\u00f6rdern.<\/li>\n<li><strong>Verteidigung der Freiheit des sexuellen und geschlechtlichen Ausdrucks<\/strong> durch Sensibilisierungskampagnen zur Bek\u00e4mpfung von LGTBI-Phobie, sozialer Ablehnung und Hassverbrechen im lokalen Umfeld.<\/li>\n<li><strong>Pr\u00e4vention und Selbstf\u00fcrsorge im Bereich der sexuellen Gesundheit<\/strong>, mit besonderem Schwerpunkt auf der Erkennung und Verringerung sexuell \u00fcbertragbarer Infektionen, wie HIV\/AIDS, Hepatitis C oder Syphilis, unter anderem.<\/li>\n<li><strong>Die F\u00f6rderung gesunder Lebensgewohnheiten und des emotionalen Wohlbefindens<\/strong>, wodurch eine Dynamik entsteht, die das Selbstwertgef\u00fchl und die pers\u00f6nliche Entwicklung der LGTBI+ Bev\u00f6lkerung in Puerto del Rosario verbessert.<\/li>\n<\/ul>\n<p>Die unterzeichnete Vereinbarung wird es erm\u00f6glichen, in den kommenden Monaten ein vielf\u00e4ltiges und bereichs\u00fcbergreifendes Programm durchzuf\u00fchren, das sowohl die LGTBI+-Gemeinschaft als auch die breite \u00d6ffentlichkeit einbezieht und zu einem Modell des Zusammenlebens auf der Grundlage von Respekt, Gleichheit und Menschenrechten beitr\u00e4gt.<\/p>\n<\/div>\n","protected":false},"excerpt":{"rendered":"<p>In einem festen Bekenntnis zu den Werten der Gleichheit, des Respekts und des sozialen Zusammenhalts hat der Stadtrat von Puerto del Rosario am Montag, den 14. Juli, eine Kooperationsvereinbarung mit [&hellip;]<\/p>\n","protected":false},"author":1,"featured_media":7667,"comment_status":"open","ping_status":"open","sticky":false,"template":"","format":"standard","meta":{"inline_featured_image":false,"jnews-multi-image_gallery":[],"jnews_single_post":[],"jnews_primary_category":[],"jnews_social_meta":[],"jnews_override_counter":[],"jnews_post_split":[],"footnotes":""},"categories":[293],"tags":[216],"class_list":["post-7673","post","type-post","status-publish","format-standard","has-post-thumbnail","hentry","category-puerto-del-rosario-de","tag-fuerteventura-de"],"jetpack_featured_media_url":"https:\/\/informacionlocal.es\/wp-content\/uploads\/2025\/07\/convenio-titu-140725-altihay-sentados.jpg","_links":{"self":[{"href":"https:\/\/informacionlocal.es\/de\/wp-json\/wp\/v2\/posts\/7673","targetHints":{"allow":["GET"]}}],"collection":[{"href":"https:\/\/informacionlocal.es\/de\/wp-json\/wp\/v2\/posts"}],"about":[{"href":"https:\/\/informacionlocal.es\/de\/wp-json\/wp\/v2\/types\/post"}],"author":[{"embeddable":true,"href":"https:\/\/informacionlocal.es\/de\/wp-json\/wp\/v2\/users\/1"}],"replies":[{"embeddable":true,"href":"https:\/\/informacionlocal.es\/de\/wp-json\/wp\/v2\/comments?post=7673"}],"version-history":[{"count":0,"href":"https:\/\/informacionlocal.es\/de\/wp-json\/wp\/v2\/posts\/7673\/revisions"}],"wp:featuredmedia":[{"embeddable":true,"href":"https:\/\/informacionlocal.es\/de\/wp-json\/wp\/v2\/media\/7667"}],"wp:attachment":[{"href":"https:\/\/informacionlocal.es\/de\/wp-json\/wp\/v2\/media?parent=7673"}],"wp:term":[{"taxonomy":"category","embeddable":true,"href":"https:\/\/informacionlocal.es\/de\/wp-json\/wp\/v2\/categories?post=7673"},{"taxonomy":"post_tag","embeddable":true,"href":"https:\/\/informacionlocal.es\/de\/wp-json\/wp\/v2\/tags?post=7673"}],"curies":[{"name":"wp","href":"https:\/\/api.w.org\/{rel}","templated":true}]}}