{"id":7646,"date":"2025-07-15T21:58:47","date_gmt":"2025-07-15T20:58:47","guid":{"rendered":"https:\/\/informacionlocal.es\/das-sommerfilmfestival-kehrt-nach-puerto-del-rosario-zurueck-mit-filmen-fuer-alle-zielgruppen\/"},"modified":"2025-07-15T21:58:47","modified_gmt":"2025-07-15T20:58:47","slug":"das-sommerfilmfestival-kehrt-nach-puerto-del-rosario-zurueck-mit-filmen-fuer-alle-zielgruppen","status":"publish","type":"post","link":"https:\/\/informacionlocal.es\/de\/das-sommerfilmfestival-kehrt-nach-puerto-del-rosario-zurueck-mit-filmen-fuer-alle-zielgruppen\/","title":{"rendered":"Das Sommerfilmfestival kehrt nach Puerto del Rosario zur\u00fcck, mit Filmen f\u00fcr alle Zielgruppen."},"content":{"rendered":"<div class=\"entry-content\">\n<p>Wie jeden Sommer veranstaltet die Stadtverwaltung von Puerto del Rosario \u00fcber die Abteilung f\u00fcr Kultur das <strong>Sommerfilmfestival<\/strong>, ein kulturelles Angebot, das Unterhaltung und Geselligkeit in \u00f6ffentlichen R\u00e4umen der Gemeinde verbindet. Diese Initiative, die bereits im Sommerkalender verankert ist, wird an verschiedenen Orten der Gemeinde stattfinden, mit Vorf\u00fchrungen f\u00fcr jedes Publikum und unter freiem Himmel, die zu einem Filmvergn\u00fcgen unter dem Sternenhimmel einladen. <\/p>\n<p>Das Programm beginnt am <strong>Samstag, den 19. Juli,<\/strong> am <strong>Strand von Los Pozos<\/strong>, wo zwei Filme gezeigt werden: <em>PawPatrol: The Movie<\/em> f\u00fcr Kinder um 19:00 Uhr und die britische romantische Kom\u00f6die <em>Four Weddings and a Funeral<\/em>, die ab 21:00 Uhr zu sehen ist.<\/p>\n<p>Die n\u00e4chste Veranstaltung findet am <strong>Samstag, den<\/strong><strong>26. Juli, auf der Plaza de El Matorral<\/strong> statt, mit einer Doppelveranstaltung, die sich ebenfalls an verschiedene Zielgruppen richtet. Um 19:00 Uhr wird <em>Kung Fu Panda 4<\/em> gezeigt und ab 21:00 Uhr <em>La lengua de las mariposas<\/em>, ein klassischer spanischer Film, der zum Nachdenken anregt, und zwar unter einem sensiblen und p\u00e4dagogischen Gesichtspunkt. <\/p>\n<p>Der Zyklus wird am <strong>Samstag, dem 2. August, auf der Plaza de Tetir<\/strong> mit dem <em>gestiefelten Kater: Der letzte Wunsch<\/em> um 19:00 Uhr fortgesetzt, gefolgt von dem preisgekr\u00f6nten Film <em>Das Leben ist sch\u00f6n<\/em>, einer bewegenden Geschichte, die ganze Generationen ber\u00fchrt hat.<\/p>\n<p>Der Abschluss des Festivals findet am <strong>Samstag, den 9. August, auf der R\u00fcckseite der Kirche in Puerto del Rosario<\/strong> statt, mit dem Animationsfilm <em>Dragon Keeper<\/em> um 19:00 Uhr und anschlie\u00dfend <em>Mientras dure la guerra<\/em>, dem historischen Drama von Alejandro Amen\u00e1bar, das zu Beginn des Spanischen B\u00fcrgerkriegs spielt, um 21:00 Uhr.<\/p>\n<p>Der B\u00fcrgermeister <strong>David de Vera<\/strong> betont, dass &#8222;das Ziel dieses Programms darin besteht, die Kultur in die verschiedenen Stadtteile und D\u00f6rfer der Gemeinde zu bringen und so die Beteiligung der Nachbarschaft und den kollektiven Genuss des Kinos zu f\u00f6rdern, kostenlos und unter freiem Himmel&#8220;.<\/p>\n<p>Der Stadtrat f\u00fcr Kultur, <strong>Juan Manuel Verdugo<\/strong>, unterstreicht hingegen &#8222;das Engagement f\u00fcr eine abwechslungsreiche Auswahl, die sowohl aktuelle Titel als auch gro\u00dfe Klassiker umfasst, so dass ein Publikum aller Altersgruppen diese Unterhaltung mit Familie und Freunden in einer angenehmen Atmosph\u00e4re genie\u00dfen kann&#8220;.<\/p>\n<\/div>\n","protected":false},"excerpt":{"rendered":"<p>Wie jeden Sommer veranstaltet die Stadtverwaltung von Puerto del Rosario \u00fcber die Abteilung f\u00fcr Kultur das Sommerfilmfestival, ein kulturelles Angebot, das Unterhaltung und Geselligkeit in \u00f6ffentlichen R\u00e4umen der Gemeinde verbindet. [&hellip;]<\/p>\n","protected":false},"author":1,"featured_media":7643,"comment_status":"open","ping_status":"open","sticky":false,"template":"","format":"standard","meta":{"inline_featured_image":false,"jnews-multi-image_gallery":[],"jnews_single_post":[],"jnews_primary_category":[],"jnews_social_meta":[],"jnews_override_counter":[],"jnews_post_split":[],"footnotes":""},"categories":[293],"tags":[],"class_list":["post-7646","post","type-post","status-publish","format-standard","has-post-thumbnail","hentry","category-puerto-del-rosario-de"],"jetpack_featured_media_url":"https:\/\/informacionlocal.es\/wp-content\/uploads\/2025\/07\/cine-verano-titu-gente-archivo.jpg","_links":{"self":[{"href":"https:\/\/informacionlocal.es\/de\/wp-json\/wp\/v2\/posts\/7646","targetHints":{"allow":["GET"]}}],"collection":[{"href":"https:\/\/informacionlocal.es\/de\/wp-json\/wp\/v2\/posts"}],"about":[{"href":"https:\/\/informacionlocal.es\/de\/wp-json\/wp\/v2\/types\/post"}],"author":[{"embeddable":true,"href":"https:\/\/informacionlocal.es\/de\/wp-json\/wp\/v2\/users\/1"}],"replies":[{"embeddable":true,"href":"https:\/\/informacionlocal.es\/de\/wp-json\/wp\/v2\/comments?post=7646"}],"version-history":[{"count":0,"href":"https:\/\/informacionlocal.es\/de\/wp-json\/wp\/v2\/posts\/7646\/revisions"}],"wp:featuredmedia":[{"embeddable":true,"href":"https:\/\/informacionlocal.es\/de\/wp-json\/wp\/v2\/media\/7643"}],"wp:attachment":[{"href":"https:\/\/informacionlocal.es\/de\/wp-json\/wp\/v2\/media?parent=7646"}],"wp:term":[{"taxonomy":"category","embeddable":true,"href":"https:\/\/informacionlocal.es\/de\/wp-json\/wp\/v2\/categories?post=7646"},{"taxonomy":"post_tag","embeddable":true,"href":"https:\/\/informacionlocal.es\/de\/wp-json\/wp\/v2\/tags?post=7646"}],"curies":[{"name":"wp","href":"https:\/\/api.w.org\/{rel}","templated":true}]}}