{"id":7635,"date":"2025-07-15T20:59:48","date_gmt":"2025-07-15T19:59:48","guid":{"rendered":"https:\/\/informacionlocal.es\/das-rathaus-von-pajara-begruesst-die-37-ausgabe-der-weltmeisterschaften-im-windsurfen-und-wingfoil\/"},"modified":"2025-07-15T20:59:48","modified_gmt":"2025-07-15T19:59:48","slug":"das-rathaus-von-pajara-begruesst-die-37-ausgabe-der-weltmeisterschaften-im-windsurfen-und-wingfoil","status":"publish","type":"post","link":"https:\/\/informacionlocal.es\/de\/das-rathaus-von-pajara-begruesst-die-37-ausgabe-der-weltmeisterschaften-im-windsurfen-und-wingfoil\/","title":{"rendered":"Das Rathaus von P\u00e1jara begr\u00fc\u00dft die 37. Ausgabe der Weltmeisterschaften im Windsurfen und Wingfoil"},"content":{"rendered":"<div class=\"entry-content\">\n<p><b><i>Vom 17. Juli bis zum 2. August wird der Strand von La Barca Schauplatz einer der wichtigsten sportlichen und touristischen Veranstaltungen auf Fuerteventura sein.  <\/i><\/b><\/p>\n<p><span>Das Rathaus von P\u00e1jara hat heute die 37. Ausgabe der Weltmeisterschaft im Windsurfen und Wingfoil vorgestellt, die vom 17. Juli bis zum 2. August stattfinden wird, einer der symboltr\u00e4chtigsten Sportwettbewerbe Fuerteventuras und mit der gr\u00f6\u00dften internationalen Ausstrahlung. Die Veranstaltung wird wie jedes Jahr am Strand von La Barca de Sotavento stattfinden.   <\/span><\/p>\n<p><span>Dieser Wettbewerb, an dem Elitesportler aus der ganzen Welt teilnehmen, hat eine enorme sportliche und touristische Anziehungskraft und ist ein erstklassiges Schaufenster f\u00fcr die nat\u00fcrlichen Qualit\u00e4ten der Gemeinde und der gesamten Insel.  <\/span><\/p>\n<p><span>Die offizielle Pr\u00e4sentation der Veranstaltung fand heute Morgen, Dienstag, den 15. Juli, im Innside by Meli\u00e1 Hotel statt, wo Vertreter der Institutionen und der Organisation den Medien alle Einzelheiten der Veranstaltung erl\u00e4uterten.  <\/span><\/p>\n<p><span>Der B\u00fcrgermeister von P\u00e1jara, Alejandro Jorge, dr\u00fcckt seine Zufriedenheit dar\u00fcber aus, weiterhin ein Ereignis dieser Gr\u00f6\u00dfenordnung ausrichten zu d\u00fcrfen. &#8222;Diese Meisterschaft ist bereits Teil unserer Identit\u00e4t und zeigt, dass wir ein Ort sind, der in der Lage ist, internationale Veranstaltungen erfolgreich und verantwortungsbewusst auszurichten&#8220;.   <\/span><\/p>\n<p><span>Die Pr\u00e4sidentin der Inselregierung von Fuerteventura, Lola Garc\u00eda, und die Stadtr\u00e4tin f\u00fcr Tourismus, Marlene Figueroa, betonen das feste Engagement der Inselgesellschaft und des Fremdenverkehrsamtes f\u00fcr eine der wichtigsten Veranstaltungen der Welt, die Fuerteventura auf die Weltkarte des Wassersports setzt.  <\/span><\/p>\n<p><span>Eine Meisterschaft, an der die besten Windsurfer der Welt teilnehmen, und die weit mehr als nur Sport ist, &#8222;denn sie bringt einen gro\u00dfen wirtschaftlichen Aufschwung mit sich: Ihre Auswirkungen bringen Millionen von Euro an Einnahmen f\u00fcr kleine und mittlere Unternehmen sowie f\u00fcr Gesch\u00e4fte und Betriebe in der Region und haben eine unbestreitbare weltweite Medienwirkung&#8220;, f\u00fcgt Lola Garc\u00eda hinzu.  <\/span><\/p>\n<p><span>Die Stadtr\u00e4tin f\u00fcr Tourismus in P\u00e1jara, Tina Da Silva, hebt die Auswirkungen hervor, die dieses Sportereignis Jahr f\u00fcr Jahr auf den lokalen Tourismus hat. &#8222;\u00dcber den Sport hinaus ist dieser Wettbewerb ein offenes Fenster zu unserer Kultur, unserer Gastronomie und unserer Lebensweise&#8220;, sagt sie.   <\/span><\/p>\n<p><span>Der Stadtrat f\u00fcr Sport, Jos\u00e9 Benito Alonso, hob die kollektive Anstrengung hervor, die diese Veranstaltung m\u00f6glich macht. &#8222;Wir sind bereit, sowohl den Athleten als auch dem Publikum das beste Erlebnis zu bieten, und wir werden weiterhin Veranstaltungen unterst\u00fctzen, die den Sport f\u00f6rdern und unserer Gemeinschaft zugute kommen&#8220;, sagte er.   <\/span><\/p>\n<p><span>Nico Prien, Repr\u00e4sentant der PWA, dem kooperierenden Unternehmen, weist darauf hin, dass &#8222;wir daran gearbeitet haben, dieses Jahr sowohl f\u00fcr die Athleten als auch f\u00fcr die Besucher zu einem unvergesslichen Erlebnis zu machen und das Image Fuerteventuras als einzigartiges Ziel f\u00fcr Windsurfen und Wingfoil international weiter zu verbreiten&#8220;.  <\/span><\/p>\n<p><span>David Navarro, Vertreter von DN7 Music, dem Organisator des &#8222;La Carpa&#8220;-Festivals, hebt die Schl\u00fcsselrolle der Veranstaltung hervor, die &#8222;eine perfekte Erg\u00e4nzung zur Meisterschaft geworden ist und Tag und Nacht ein einzigartiges Erlebnis bietet. Es ist ein Privileg, dieses Festival in einem so besonderen Rahmen und mit K\u00fcnstlern zu veranstalten, die das Publikum vor Ort und die Besucher ansprechen. In diesem Jahr gehen wir mit einem hochkar\u00e4tigen Musikangebot noch einen Schritt weiter&#8220;.  <\/span><\/p>\n<p><span>Neben den sportlichen Wettk\u00e4mpfen wird auf dem Gel\u00e4nde von La Barca auch wieder das Festival La Carpa stattfinden, das Platz f\u00fcr 4.500 Personen bietet und ein Musikprogramm mit bekannten K\u00fcnstlern wie Omega, Kapo und Omar Courtz bietet.  <\/span><\/p>\n<p><span>Wie in den vergangenen Jahren wird die Veranstaltung mit einem Sicherheitsdienst und einem violetten Punkt ausgestattet sein, um ein spielerisches, integratives und gewaltfreies Umfeld zu gew\u00e4hrleisten.  <\/span><\/p>\n<\/div>\n","protected":false},"excerpt":{"rendered":"<p><i>Vom 17. Juli bis zum 2. August wird der Strand von La Barca Schauplatz einer der wichtigsten sportlichen und touristischen Veranstaltungen auf Fuerteventura sein.  <\/i><\/p>\n","protected":false},"author":1,"featured_media":7631,"comment_status":"open","ping_status":"open","sticky":false,"template":"","format":"standard","meta":{"inline_featured_image":false,"jnews-multi-image_gallery":[],"jnews_single_post":[],"jnews_primary_category":[],"jnews_social_meta":[],"jnews_override_counter":[],"jnews_post_split":[],"footnotes":""},"categories":[297],"tags":[303,216,230],"class_list":["post-7635","post","type-post","status-publish","format-standard","has-post-thumbnail","hentry","category-pajara-de","tag-eventos-de","tag-fuerteventura-de","tag-tourismus"],"jetpack_featured_media_url":"https:\/\/informacionlocal.es\/wp-content\/uploads\/2025\/07\/campeonato-de-windsurf-e1752585248822.jpeg","_links":{"self":[{"href":"https:\/\/informacionlocal.es\/de\/wp-json\/wp\/v2\/posts\/7635","targetHints":{"allow":["GET"]}}],"collection":[{"href":"https:\/\/informacionlocal.es\/de\/wp-json\/wp\/v2\/posts"}],"about":[{"href":"https:\/\/informacionlocal.es\/de\/wp-json\/wp\/v2\/types\/post"}],"author":[{"embeddable":true,"href":"https:\/\/informacionlocal.es\/de\/wp-json\/wp\/v2\/users\/1"}],"replies":[{"embeddable":true,"href":"https:\/\/informacionlocal.es\/de\/wp-json\/wp\/v2\/comments?post=7635"}],"version-history":[{"count":0,"href":"https:\/\/informacionlocal.es\/de\/wp-json\/wp\/v2\/posts\/7635\/revisions"}],"wp:featuredmedia":[{"embeddable":true,"href":"https:\/\/informacionlocal.es\/de\/wp-json\/wp\/v2\/media\/7631"}],"wp:attachment":[{"href":"https:\/\/informacionlocal.es\/de\/wp-json\/wp\/v2\/media?parent=7635"}],"wp:term":[{"taxonomy":"category","embeddable":true,"href":"https:\/\/informacionlocal.es\/de\/wp-json\/wp\/v2\/categories?post=7635"},{"taxonomy":"post_tag","embeddable":true,"href":"https:\/\/informacionlocal.es\/de\/wp-json\/wp\/v2\/tags?post=7635"}],"curies":[{"name":"wp","href":"https:\/\/api.w.org\/{rel}","templated":true}]}}