{"id":7622,"date":"2025-07-15T19:58:49","date_gmt":"2025-07-15T18:58:49","guid":{"rendered":"https:\/\/informacionlocal.es\/das-cabildo-und-padilla-supermercados-spar-starten-die-initiative-fuerteventura-fuer-ein-gesundes-alter-im-rahmen-des-projekts-neuromajo-2025\/"},"modified":"2025-07-15T19:58:49","modified_gmt":"2025-07-15T18:58:49","slug":"das-cabildo-und-padilla-supermercados-spar-starten-die-initiative-fuerteventura-fuer-ein-gesundes-alter-im-rahmen-des-projekts-neuromajo-2025","status":"publish","type":"post","link":"https:\/\/informacionlocal.es\/de\/das-cabildo-und-padilla-supermercados-spar-starten-die-initiative-fuerteventura-fuer-ein-gesundes-alter-im-rahmen-des-projekts-neuromajo-2025\/","title":{"rendered":"Das Cabildo und Padilla Supermercados Spar starten die Initiative &#8222;Fuerteventura, f\u00fcr ein gesundes Alter&#8220; im Rahmen des Projekts NeuroMajo 2025."},"content":{"rendered":"<div class=\"entry-content\"><strong>15. Juli, 2025<\/strong><\/p>\n<p><em><strong>Dank einer Vereinbarung zwischen dem Cabildo, Padilla Supermercados und dem Verband Neurol\u00edmpica erhalten die Teilnehmer Rabattkarten f\u00fcr den Kauf von gesunden Produkten.<\/strong><\/em><\/p>\n<p>Der Inselrat von Fuerteventura hat heute die Vereinbarung &#8222;Fuerteventura, f\u00fcr ein gesundes Alter&#8220; mit der Vereinigung Neurol\u00edmpica und Padilla Supermercados Spar unterzeichnet. Eine Initiative, die es erm\u00f6glicht hat, den Teilnehmern des Projekts NeuroMajo2025 der Abteilung f\u00fcr soziale Ma\u00dfnahmen der Inselgesellschaft Rabattkarten f\u00fcr den Kauf von gesunden Produkten und G\u00fctern des t\u00e4glichen Bedarfs zur Verf\u00fcgung zu stellen. <\/p>\n<p>Die Pr\u00e4sidentin des Cabildo von Fuerteventura, Lola Garc\u00eda, erkl\u00e4rt, dass &#8222;wir mit dieser Aktion f\u00fcr die Bem\u00fchungen und das Engagement unserer \u00c4lteren dankbar sind, die Herausforderungen meistern, lernen und vor allem Spa\u00df an der Aktivit\u00e4t NeuroMajo2025 haben, die unser Ziel vom Cabildo ist&#8220;.<\/p>\n<p>Der Stadtrat f\u00fcr Soziales, V\u00edctor Alonso, wies darauf hin, dass &#8222;wir vom Cabildo aus weiterhin mit und f\u00fcr \u00e4ltere Menschen arbeiten, wobei alle Stadtr\u00e4te von der ersten Minute an in NeuroMajo2025 eingebunden sind&#8220;. &#8222;Wir haben seit M\u00e4rz trainiert und sind heute dankbar f\u00fcr die Bem\u00fchungen aller Teilnehmer durch diese Vereinbarung mit Padilla Supermercados Spar&#8220;. <\/p>\n<p>Der Vertreter von Padilla Supermercados Spar, Juan Alberto Padilla, erkl\u00e4rte, dass &#8222;dies ein Weg ist, um die Menschen zu unterst\u00fctzen, die sich der NeuroMajo-Initiative anschlie\u00dfen, die in unseren 16 Gesch\u00e4ften auf der Insel Rabatte auf 43 Produktfamilien erhalten&#8220;. &#8222;Eine Aktion, die uns dazu motiviert, weiterhin Initiativen sozialer Art zu schaffen&#8220;. <\/p>\n<p>Besay Rodr\u00edguez, Pr\u00e4sident der Asociaci\u00f3n Neurol\u00edmpica, wies darauf hin, dass &#8222;Fuerteventura entschlossen ist, in allen Belangen der Neurolimpiadas eine Vorreiterrolle zu spielen. Letztes Jahr war sie die erste Insel, die mit allen Gemeinden, die an der Aktivit\u00e4t teilnahmen, vollst\u00e4ndig involviert war, und dieses Jahr setzt sie die Innovation mit einer Vereinbarung fort, die den Teilnehmern des Neuromajo zugute kommt. Das spricht sehr f\u00fcr das Engagement des Cabildo und aller Teilnehmer&#8220;.<\/p>\n<p>An der Unterzeichnungszeremonie nahmen rund einhundert der dreihundert Teilnehmer der diesj\u00e4hrigen NeuroMajo2025 teil, die bei der heutigen Veranstaltung dabei sein wollten. Die Rabattkarten wurden von einer Vertretung der Teilnehmer aus jeder Gemeinde abgeholt: Lucas Hern\u00e1ndez und Pilar P\u00e9rez als Vertreter der Gemeinde Tuineje, Milagros Falc\u00f3n Gordillo und Amelia S\u00e1nchez aus der Gemeinde Antigua, Yolanda Padilla und Kalala Cabrera aus der Gemeinde Betancuria, To\u00f1i Alonso und Ram\u00f3n Ernesto Garc\u00eda aus Puerto del Rosario, Juana Rosa Naranjo und Jos\u00e9 Mart\u00edn aus La Oliva sowie Mar\u00eda del Carmen Rodr\u00edguez Quesada und Manuel Hern\u00e1ndez aus der Gemeinde P\u00e1jara. <\/p>\n<p>Begleitet wurden sie von den Stadtr\u00e4tinnen Kathaisa Rodr\u00edguez und \u00c1ngeles Acosta (P\u00e1jara), Am\u00e9rica Soto (Antigua), Jennifer P\u00e9rez (Puerto del Rosario) und Joana P\u00e9rez (La Oliva). Nayra Pe\u00f1a Cabrera nahm ebenfalls im Namen von Tuineje teil. Ebenfalls anwesend waren die Stadtr\u00e4tinnen Adargoma Hern\u00e1ndez und Marlene Figueroa vom Cabildo von Fuerteventura sowie die Direktorin der Allgemeinen Staatsverwaltung der Insel, Mar\u00eda Jes\u00fas de la Cruz, und andere Beh\u00f6rden.  <\/p>\n<p><strong>NeuroMajo 2025<\/strong><\/p>\n<p>Nach dem Erfolg der ersten Ausgabe wird NeuroMajo in diesem Jahr in Zusammenarbeit mit den sechs Stadtverwaltungen und dem Verband Neurol\u00edmpica erneut durchgef\u00fchrt. Der Wettbewerb findet am 26., 27. und 28. September in den Einrichtungen der Versuchsfarm Pozo Negro statt, mit derzeit 300 Teilnehmern. Die &#8222;Freundschaftsspiele&#8220; im Rahmen dieser Aktivit\u00e4t begannen im vergangenen Juni.  <\/p>\n<\/div>\n","protected":false},"excerpt":{"rendered":"<p>15. Juli, 2025 Dank einer Vereinbarung zwischen dem Cabildo, Padilla Supermercados und dem Verband Neurol\u00edmpica erhalten die Teilnehmer Rabattkarten f\u00fcr den Kauf von gesunden Produkten. Der Inselrat von Fuerteventura hat [&hellip;]<\/p>\n","protected":false},"author":1,"featured_media":7619,"comment_status":"open","ping_status":"open","sticky":false,"template":"","format":"standard","meta":{"inline_featured_image":false,"jnews-multi-image_gallery":[],"jnews_single_post":[],"jnews_primary_category":[],"jnews_social_meta":[],"jnews_override_counter":[],"jnews_post_split":[],"footnotes":""},"categories":[287],"tags":[216,196],"class_list":["post-7622","post","type-post","status-publish","format-standard","has-post-thumbnail","hentry","category-cabildo-de","tag-fuerteventura-de","tag-gemeinden"],"jetpack_featured_media_url":"https:\/\/informacionlocal.es\/wp-content\/uploads\/2025\/07\/ddd-3.jpeg","_links":{"self":[{"href":"https:\/\/informacionlocal.es\/de\/wp-json\/wp\/v2\/posts\/7622","targetHints":{"allow":["GET"]}}],"collection":[{"href":"https:\/\/informacionlocal.es\/de\/wp-json\/wp\/v2\/posts"}],"about":[{"href":"https:\/\/informacionlocal.es\/de\/wp-json\/wp\/v2\/types\/post"}],"author":[{"embeddable":true,"href":"https:\/\/informacionlocal.es\/de\/wp-json\/wp\/v2\/users\/1"}],"replies":[{"embeddable":true,"href":"https:\/\/informacionlocal.es\/de\/wp-json\/wp\/v2\/comments?post=7622"}],"version-history":[{"count":0,"href":"https:\/\/informacionlocal.es\/de\/wp-json\/wp\/v2\/posts\/7622\/revisions"}],"wp:featuredmedia":[{"embeddable":true,"href":"https:\/\/informacionlocal.es\/de\/wp-json\/wp\/v2\/media\/7619"}],"wp:attachment":[{"href":"https:\/\/informacionlocal.es\/de\/wp-json\/wp\/v2\/media?parent=7622"}],"wp:term":[{"taxonomy":"category","embeddable":true,"href":"https:\/\/informacionlocal.es\/de\/wp-json\/wp\/v2\/categories?post=7622"},{"taxonomy":"post_tag","embeddable":true,"href":"https:\/\/informacionlocal.es\/de\/wp-json\/wp\/v2\/tags?post=7622"}],"curies":[{"name":"wp","href":"https:\/\/api.w.org\/{rel}","templated":true}]}}