{"id":7610,"date":"2025-07-15T19:00:36","date_gmt":"2025-07-15T18:00:36","guid":{"rendered":"https:\/\/informacionlocal.es\/countdown-fuer-die-rueckkehr-der-beach-party-caleta-sound-fest-2025\/"},"modified":"2025-07-15T19:00:36","modified_gmt":"2025-07-15T18:00:36","slug":"countdown-fuer-die-rueckkehr-der-beach-party-caleta-sound-fest-2025","status":"publish","type":"post","link":"https:\/\/informacionlocal.es\/de\/countdown-fuer-die-rueckkehr-der-beach-party-caleta-sound-fest-2025\/","title":{"rendered":"Countdown f\u00fcr die R\u00fcckkehr der Beach Party Caleta Sound Fest 2025"},"content":{"rendered":"<div class=\"elementor-widget-container\">\n<p><strong>Countdown f\u00fcr die R\u00fcckkehr der Beach Party Caleta Sound Fest 2025<\/strong><\/p>\n<p><strong>&#8211; Caleta Sound Fest Beach Party 2025 Sitzung des Sicherheitsausschusses <\/strong><br \/><strong>&#8211; An diesem Mittwoch werden die K\u00fcnstler vorgestellt, die am 1. und 2. August auf dem Caleta Sound Fest auftreten werden.<\/strong><\/p>\n<p>Der Sicherheitsrat der Beach Party Caleta Sound Fest, die als wichtigste musikalische Veranstaltung in der Gemeinde und der Insel zur\u00fcckkehrt, wurde in der Stadthalle von Antigua statt, bietet am 1. und 2. August einen Marathon von Konzerten mit hervorragenden und bekannten K\u00fcnstlern, erste Positionen in den Musik-Charts der nationalen und internationalen Szene.<\/p>\n<p>An der Sicherheitskommission unter dem Vorsitz des B\u00fcrgermeisters Mat\u00edas Pe\u00f1a Garc\u00eda und der Inseldirektorin der Allgemeinen Staatsverwaltung, Mar\u00eda Jes\u00fas De La Cruz Montserrat, nahmen der Hauptmann der Guardia Civil von Fuerteventura, Pedro Peinado, der stellvertretende Chefinspektor der \u00f6rtlichen Polizei, Domingo Fr\u00e1nquiz, der Brand- und Notfallkoordinator von Fuerteventura, Francisco Torres, die Verantwortlichen f\u00fcr Krankenwagen und private Sicherheit sowie die Stadtr\u00e4tin f\u00fcr Tourismus, Kristina Rodewig, und der Stadtrat f\u00fcr Tourismus, Kristina Rodewig, teil, Domingo Fr\u00e1nquiz, der Feuerwehr- und Notfallkoordinator von Fuerteventura, Francisco Torres, die Leiter der Ambulanz und des privaten Sicherheitsdienstes sowie die Stadtr\u00e4tin f\u00fcr Tourismus, Kristina Rodewig, und der Stadtrat f\u00fcr Sicherheit, Notf\u00e4lle und Zivilschutz, Fernando Estupi\u00f1\u00e1n.<\/p>\n<p>Der Vertreter von Grupo Cabrera D\u00edaz S.L., Jos\u00e9 Manuel D\u00edaz D\u00edaz, pr\u00e4sentierte einen vollst\u00e4ndigen und detaillierten Sicherheitsplan mit einer riesigen B\u00fchne am Strand von El Castillo mit Bereichen f\u00fcr die \u00d6ffentlichkeit, einem speziellen Bereich f\u00fcr Menschen mit eingeschr\u00e4nkter Mobilit\u00e4t, gastronomischen Bereichen, Zug\u00e4ngen, medizinischen Ambulanzen und \u00f6ffentlichen Toiletten.<\/p>\n<p>Die Sicherheit vor Ort wird von Beginn bis zum Ende der Konzerte in den fr\u00fchen Morgenstunden durch privaten Sicherheitsdienst verst\u00e4rkt, der Taxidienst auf Antigua wird intensiviert, und der \u00f6ffentliche Busverkehr auf der Insel wird durch zus\u00e4tzliche Nachtfahrpl\u00e4ne erweitert, um den Konzertbesuchern die Anreise zu erleichtern.<\/p>\n<\/p>\n<\/div>\n","protected":false},"excerpt":{"rendered":"<p><strong>Countdown f\u00fcr die R\u00fcckkehr der Beach Party Caleta Sound Fest 2025<\/strong><\/p>\n","protected":false},"author":1,"featured_media":7607,"comment_status":"open","ping_status":"open","sticky":false,"template":"","format":"standard","meta":{"inline_featured_image":false,"jnews-multi-image_gallery":[],"jnews_single_post":[],"jnews_primary_category":[],"jnews_social_meta":[],"jnews_override_counter":[],"jnews_post_split":[],"footnotes":""},"categories":[283],"tags":[216],"class_list":["post-7610","post","type-post","status-publish","format-standard","has-post-thumbnail","hentry","category-antigua-de","tag-fuerteventura-de"],"jetpack_featured_media_url":"https:\/\/informacionlocal.es\/wp-content\/uploads\/2025\/07\/junta-de-seguridad-caleta-sound-fest-2-scaled-1.jpg","_links":{"self":[{"href":"https:\/\/informacionlocal.es\/de\/wp-json\/wp\/v2\/posts\/7610","targetHints":{"allow":["GET"]}}],"collection":[{"href":"https:\/\/informacionlocal.es\/de\/wp-json\/wp\/v2\/posts"}],"about":[{"href":"https:\/\/informacionlocal.es\/de\/wp-json\/wp\/v2\/types\/post"}],"author":[{"embeddable":true,"href":"https:\/\/informacionlocal.es\/de\/wp-json\/wp\/v2\/users\/1"}],"replies":[{"embeddable":true,"href":"https:\/\/informacionlocal.es\/de\/wp-json\/wp\/v2\/comments?post=7610"}],"version-history":[{"count":0,"href":"https:\/\/informacionlocal.es\/de\/wp-json\/wp\/v2\/posts\/7610\/revisions"}],"wp:featuredmedia":[{"embeddable":true,"href":"https:\/\/informacionlocal.es\/de\/wp-json\/wp\/v2\/media\/7607"}],"wp:attachment":[{"href":"https:\/\/informacionlocal.es\/de\/wp-json\/wp\/v2\/media?parent=7610"}],"wp:term":[{"taxonomy":"category","embeddable":true,"href":"https:\/\/informacionlocal.es\/de\/wp-json\/wp\/v2\/categories?post=7610"},{"taxonomy":"post_tag","embeddable":true,"href":"https:\/\/informacionlocal.es\/de\/wp-json\/wp\/v2\/tags?post=7610"}],"curies":[{"name":"wp","href":"https:\/\/api.w.org\/{rel}","templated":true}]}}