{"id":7587,"date":"2025-07-15T16:58:42","date_gmt":"2025-07-15T15:58:42","guid":{"rendered":"https:\/\/informacionlocal.es\/antigua-oeffnet-die-frist-fuer-die-beantragung-von-bildungsstipendien\/"},"modified":"2025-07-15T16:58:42","modified_gmt":"2025-07-15T15:58:42","slug":"antigua-oeffnet-die-frist-fuer-die-beantragung-von-bildungsstipendien","status":"publish","type":"post","link":"https:\/\/informacionlocal.es\/de\/antigua-oeffnet-die-frist-fuer-die-beantragung-von-bildungsstipendien\/","title":{"rendered":"Antigua \u00f6ffnet die Frist f\u00fcr die Beantragung von Bildungsstipendien"},"content":{"rendered":"<div class=\"elementor-widget-container\">\n<p><strong>Antigua \u00f6ffnet die Frist f\u00fcr die Beantragung von Bildungsstipendien<\/strong><\/p>\n<p><strong>&#8211; Antigua stellt 45.000 Euro zur Verf\u00fcgung, um die Kosten f\u00fcr die Unterbringung und den Transport von Studenten, die au\u00dferhalb der Insel studieren, sowie f\u00fcr den Kauf von Lehrmaterial und Lehrb\u00fcchern zu unterst\u00fctzen.  <\/strong><br \/><strong>&#8211; Die Frist f\u00fcr die Einreichung von Bewerbungen endet am 4. August dieses Jahres.<\/strong><br \/><strong>&#8211; Im Rathaus von Antigua steht die Bildungsabteilung zur Verf\u00fcgung, um interessierte Studenten zu beraten und eventuelle Zweifel zu beseitigen.<\/strong><\/p>\n<p>Die Stadtverwaltung von Antigua gibt bekannt, dass die Bewerbungsfrist f\u00fcr das Bildungsstipendium 2025 mit der Ver\u00f6ffentlichung der entsprechenden Ausschreibung im BOP Las Palmas Num.84 im Juli dieses Jahres beginnt. Das Antragsformular kann auch am schwarzen Brett des Rathauses und auf der Website, im B\u00fcro des B\u00fcrgermeisters von Caleta de Fuste, in der Stadtbibliothek und in den Kulturzentren von Agua de Bueyes, Valles de Ortega, Casillas de Morales, Triquivijate und Caleta de Fuste eingesehen werden.<\/p>\n<p>Die Stadtr\u00e4tin f\u00fcr Bildung, Am\u00e9rica Soto Betancor, f\u00fcgt hinzu, dass der Antrag auch pers\u00f6nlich in der Abteilung f\u00fcr diesen Bereich im Konsistorium des Rathauses von Antigua gestellt werden kann, wo das technische Team interessierten Sch\u00fclern mit Rat und Tat zur Seite steht, oder unter der Telefonnummer 928 168170, um die Einreichung des Antrags vor Ablauf der Frist am 4. August zu erleichtern.<\/p>\n<p>Laut Stadtrat Betancor hat die Bildungsabteilung der Stadtverwaltung von Antigua 45.000 Euro f\u00fcr dieses Bildungsstipendium vorgesehen, f\u00fcr das Antr\u00e4ge im Rathaus von Antigua, im B\u00fcro des B\u00fcrgermeisters in Caleta de Fuste oder online unter www.ayto-antigua.es eingereicht werden m\u00fcssen.<\/p>\n<p>Der Zuschuss f\u00fcr Bildung unterst\u00fctzt die Kosten f\u00fcr 2024\/2025 f\u00fcr Unterkunft oder Transport f\u00fcr Studenten, die au\u00dferhalb der Insel oder der Gemeinde Antigua studieren, sagt der B\u00fcrgermeister, Mat\u00edas Pe\u00f1a Garc\u00eda, sowie den Kauf von Schulmaterial und Lehrb\u00fcchern f\u00fcr das akademische Jahr 2025\/2026. Das Ziel ist klar: die Unterst\u00fctzung der Sch\u00fcler und ihrer Familien in der Gemeinde, um ihre Ausbildung und ihren Fortbestand so weit wie m\u00f6glich zu f\u00f6rdern und zu erleichtern. <\/p>\n<\/div>\n","protected":false},"excerpt":{"rendered":"<p><strong>Antigua \u00f6ffnet die Frist f\u00fcr die Beantragung von Bildungsstipendien<\/strong><\/p>\n","protected":false},"author":1,"featured_media":7583,"comment_status":"open","ping_status":"open","sticky":false,"template":"","format":"standard","meta":{"inline_featured_image":false,"jnews-multi-image_gallery":[],"jnews_single_post":[],"jnews_primary_category":[],"jnews_social_meta":[],"jnews_override_counter":[],"jnews_post_split":[],"footnotes":""},"categories":[283],"tags":[306,371],"class_list":["post-7587","post","type-post","status-publish","format-standard","has-post-thumbnail","hentry","category-antigua-de","tag-educacion-de","tag-transport-de"],"jetpack_featured_media_url":"https:\/\/informacionlocal.es\/wp-content\/uploads\/2025\/07\/transporte-escolar-1.jpg","_links":{"self":[{"href":"https:\/\/informacionlocal.es\/de\/wp-json\/wp\/v2\/posts\/7587","targetHints":{"allow":["GET"]}}],"collection":[{"href":"https:\/\/informacionlocal.es\/de\/wp-json\/wp\/v2\/posts"}],"about":[{"href":"https:\/\/informacionlocal.es\/de\/wp-json\/wp\/v2\/types\/post"}],"author":[{"embeddable":true,"href":"https:\/\/informacionlocal.es\/de\/wp-json\/wp\/v2\/users\/1"}],"replies":[{"embeddable":true,"href":"https:\/\/informacionlocal.es\/de\/wp-json\/wp\/v2\/comments?post=7587"}],"version-history":[{"count":0,"href":"https:\/\/informacionlocal.es\/de\/wp-json\/wp\/v2\/posts\/7587\/revisions"}],"wp:featuredmedia":[{"embeddable":true,"href":"https:\/\/informacionlocal.es\/de\/wp-json\/wp\/v2\/media\/7583"}],"wp:attachment":[{"href":"https:\/\/informacionlocal.es\/de\/wp-json\/wp\/v2\/media?parent=7587"}],"wp:term":[{"taxonomy":"category","embeddable":true,"href":"https:\/\/informacionlocal.es\/de\/wp-json\/wp\/v2\/categories?post=7587"},{"taxonomy":"post_tag","embeddable":true,"href":"https:\/\/informacionlocal.es\/de\/wp-json\/wp\/v2\/tags?post=7587"}],"curies":[{"name":"wp","href":"https:\/\/api.w.org\/{rel}","templated":true}]}}