{"id":7577,"date":"2025-07-15T16:00:14","date_gmt":"2025-07-15T15:00:14","guid":{"rendered":"https:\/\/informacionlocal.es\/an-den-workshops-dieser-ausgabe-des-projekts-enredarte-nehmen-rund-200-personen-teil\/"},"modified":"2025-07-15T16:00:14","modified_gmt":"2025-07-15T15:00:14","slug":"an-den-workshops-dieser-ausgabe-des-projekts-enredarte-nehmen-rund-200-personen-teil","status":"publish","type":"post","link":"https:\/\/informacionlocal.es\/de\/an-den-workshops-dieser-ausgabe-des-projekts-enredarte-nehmen-rund-200-personen-teil\/","title":{"rendered":"An den Workshops dieser Ausgabe des Projekts EnRedArte nehmen rund 200 Personen teil."},"content":{"rendered":"<div class=\"entry-content\"><strong>15. Juli, 2025<\/strong><\/p>\n<p>Etwa 200 Personen haben an den Workshops und Aktivit\u00e4ten des Projekts &#8222;EnRedArte&#8220; der Abteilung f\u00fcr Kunsthandwerk der Inselregierung von Fuerteventura teilgenommen. Eine Initiative, die laut Lolina Negr\u00edn &#8222;darauf abzielt, das Handwerk in den H\u00e4nden neuer Generationen und all jener, die es erlernen m\u00f6chten, lebendig zu halten&#8220;. <\/p>\n<p>Im Rahmen der verschiedenen Aktionen nahmen mehr als hundert Personen an den Workshops teil, die in Zusammenarbeit mit dem Verband der Kunsthandwerker Fuerteventuras und verschiedenen Nachbarschaftsverb\u00e4nden in den Monaten Juni und Juli durchgef\u00fchrt wurden. Insgesamt wurden 13 Workshops in verschiedenen Kulturzentren der Insel abgehalten, an denen insgesamt 121 Studenten teilnahmen. <\/p>\n<p>Das Programm umfasste Schulungen in handwerklichen Techniken wie Lederarbeiten, Makramee, Schneiderei und der Herstellung traditioneller kanarischer Trachten, um das lokale Handwerkswissen zu erhalten, die Kreativit\u00e4t zu f\u00f6rdern und den B\u00fcrgern neue Lernm\u00f6glichkeiten zu bieten. Die Workshops wurden unter anderem in den Orten Morro Jable, La Lajita, Tarajalejo, Villaverde, Valle de Santa In\u00e9s, Casillas del \u00c1ngel, Tuineje, Tetir und El Matorral abgehalten. Die Aktivit\u00e4t wurde von Handwerkern und Handwerkerinnen, die in ihren jeweiligen Berufen akkreditiert sind, in 20 Stunden kostenlos unterrichtet.  <\/p>\n<p>Zu den beliebtesten Workshops geh\u00f6rten die Makramee-Workshops, an denen 61 Personen in Orten wie La Lajita, Tarajalejo, Los Estancos, Parque Holand\u00e9s und der Fundaci\u00f3n Colectivo Mafasca teilnahmen. In Lederarbeiten wurden 35 Personen in Kulturzentren in Morro Jable, Villaverde, Valle de Santa In\u00e9s und Tef\u00eda ausgebildet. An den Trachtenkursen in Tuineje und Tetir nahmen 16 Personen teil, w\u00e4hrend die Schneiderwerkstatt in Casillas del \u00c1ngel neun Teilnehmer hatte.  <\/p>\n<p><strong>Projekt &#8222;EnRedArte<\/strong><\/p>\n<p>Das Projekt &#8222;EnRedArte&#8220; umfasste auch einen Workshop zur Herstellung traditioneller H\u00fcte unter der Leitung des Kunsthandwerkers und Ausbilders Lito Nolasco Herrera und in Zusammenarbeit mit der Lehrerin Juana Montelongo Reyes. Der Workshop zur T\u00f6pferei der Ureinwohner wurde ebenfalls von dem T\u00f6pfer Jos\u00e9 Luis Aradas in Zusammenarbeit mit dem T\u00f6pfermeister Silverio L\u00f3pez durchgef\u00fchrt. <\/p>\n<p>Die Aktivit\u00e4ten wurden auch von Sch\u00fclern des IES Puerto del Rosario, des CEIP Puerto Cabras-Rafael B\u00e1ez und des CEIP Costa Calma besucht. In den Arbeitsr\u00e4umen der Kunsthandwerker fanden au\u00dferdem spezielle Workshops statt, die von Bianca Scarpari, Bernhard Glauser, Felipe Nicol\u00e1s Bobadilla und Martin Rehak geleitet wurden. <\/p>\n<p>In diesem Sinne betont Lolina Negr\u00edn, dass diese Ausgabe von &#8222;EnRedArte&#8220; &#8222;besonders bereichernd&#8220; gewesen sei, weil sie Ecken der Insel erreicht habe, in denen diese Art von Ausbildung normalerweise nicht angeboten wird. &#8222;Der Erfolg der Teilnahme best\u00e4tigt, dass die B\u00fcrgerinnen und B\u00fcrger diese Art der Ausbildung sch\u00e4tzen, und ermutigt uns, das Angebot weiter auszubauen und die Berufe zu diversifizieren, wobei in den kommenden Monaten neue Workshops geplant sind&#8220;, f\u00fcgt sie hinzu. <\/p>\n<p><strong>A<\/strong><\/p>\n<\/div>\n","protected":false},"excerpt":{"rendered":"<p>15. Juli, 2025 Etwa 200 Personen haben an den Workshops und Aktivit\u00e4ten des Projekts &#8222;EnRedArte&#8220; der Abteilung f\u00fcr Kunsthandwerk der Inselregierung von Fuerteventura teilgenommen. Eine Initiative, die laut Lolina Negr\u00edn [&hellip;]<\/p>\n","protected":false},"author":1,"featured_media":7571,"comment_status":"open","ping_status":"open","sticky":false,"template":"","format":"standard","meta":{"inline_featured_image":false,"jnews-multi-image_gallery":[],"jnews_single_post":[],"jnews_primary_category":[],"jnews_social_meta":[],"jnews_override_counter":[],"jnews_post_split":[],"footnotes":""},"categories":[287],"tags":[216],"class_list":["post-7577","post","type-post","status-publish","format-standard","has-post-thumbnail","hentry","category-cabildo-de","tag-fuerteventura-de"],"jetpack_featured_media_url":"https:\/\/informacionlocal.es\/wp-content\/uploads\/2025\/07\/ssee.jpeg","_links":{"self":[{"href":"https:\/\/informacionlocal.es\/de\/wp-json\/wp\/v2\/posts\/7577","targetHints":{"allow":["GET"]}}],"collection":[{"href":"https:\/\/informacionlocal.es\/de\/wp-json\/wp\/v2\/posts"}],"about":[{"href":"https:\/\/informacionlocal.es\/de\/wp-json\/wp\/v2\/types\/post"}],"author":[{"embeddable":true,"href":"https:\/\/informacionlocal.es\/de\/wp-json\/wp\/v2\/users\/1"}],"replies":[{"embeddable":true,"href":"https:\/\/informacionlocal.es\/de\/wp-json\/wp\/v2\/comments?post=7577"}],"version-history":[{"count":0,"href":"https:\/\/informacionlocal.es\/de\/wp-json\/wp\/v2\/posts\/7577\/revisions"}],"wp:featuredmedia":[{"embeddable":true,"href":"https:\/\/informacionlocal.es\/de\/wp-json\/wp\/v2\/media\/7571"}],"wp:attachment":[{"href":"https:\/\/informacionlocal.es\/de\/wp-json\/wp\/v2\/media?parent=7577"}],"wp:term":[{"taxonomy":"category","embeddable":true,"href":"https:\/\/informacionlocal.es\/de\/wp-json\/wp\/v2\/categories?post=7577"},{"taxonomy":"post_tag","embeddable":true,"href":"https:\/\/informacionlocal.es\/de\/wp-json\/wp\/v2\/tags?post=7577"}],"curies":[{"name":"wp","href":"https:\/\/api.w.org\/{rel}","templated":true}]}}