{"id":7563,"date":"2025-07-15T13:00:21","date_gmt":"2025-07-15T12:00:21","guid":{"rendered":"https:\/\/informacionlocal.es\/la-oliva-begruesst-5-studenten-zu-einem-praktikum\/"},"modified":"2025-07-15T13:00:21","modified_gmt":"2025-07-15T12:00:21","slug":"la-oliva-begruesst-5-studenten-zu-einem-praktikum","status":"publish","type":"post","link":"https:\/\/informacionlocal.es\/de\/la-oliva-begruesst-5-studenten-zu-einem-praktikum\/","title":{"rendered":"La Oliva begr\u00fc\u00dft 5 Studenten zu einem Praktikum"},"content":{"rendered":"<p>Das Rathaus von La Oliva begr\u00fc\u00dft f\u00fcnf Studenten, die ihr Praktikum im Rahmen des Praktikumsstipendienprogramms beginnen. Diese Initiative wird von der Abteilung f\u00fcr Bildung des Cabildo von Fuerteventura unter der Leitung von Adargoma Hern\u00e1ndez gef\u00f6rdert. Diese Praktika laufen bis zum 31. August 2025 und erm\u00f6glichen es den Teilnehmern, Erfahrungen in verschiedenen Abteilungen der Gemeinde zu sammeln, wie z.B. in den Bereichen Soziales, Handel, Tourismus, Presse sowie Bau und Dienstleistungen.  <\/p>\n<p>Der B\u00fcrgermeister von La Oliva, Isa\u00ed Blanco, r\u00e4t den Studenten, diese erste Arbeitserfahrung im Kontakt mit dem im Studium erarbeiteten Bereich zu nutzen: &#8222;Wir stehen euch allen bei Zweifeln, Fragen oder Anregungen zur Verf\u00fcgung. Dies ist eine gro\u00dfartige Gelegenheit, den Arbeitsalltag in einem Rathaus kennenzulernen und Hand in Hand mit den Mitarbeitern des Konsistoriums zu arbeiten&#8220;.<\/p>\n<p>Die Stadtr\u00e4tin f\u00fcr Personal und lokale Entwicklung, Alexandra Mart\u00edn, die f\u00fcr die Begr\u00fc\u00dfung der neuen Praktikanten zust\u00e4ndig ist, unterstreicht, wie wichtig es ist, Ausbildungsm\u00f6glichkeiten anzubieten, die die akademische Ausbildung mit der Arbeitsrealit\u00e4t verbinden. Mart\u00edn zufolge &#8222;hei\u00dft die Stadtverwaltung von La Oliva die Studenten nicht nur willkommen, sondern setzt sich auch f\u00fcr ihre berufliche Entwicklung ein&#8220; und betont, dass diese Praktika jungen Menschen die M\u00f6glichkeit geben, die Arbeitsweise der Verwaltung kennenzulernen und ihr Wissen in einem realen Umfeld anzuwenden. <\/p>\n<p>Zus\u00e4tzlich zu ihrer t\u00e4glichen Arbeit in den verschiedenen kommunalen Bereichen erhalten die Sch\u00fcler in Abstimmung mit anderen \u00f6ffentlichen Einrichtungen auf der Insel eine erg\u00e4nzende Ausbildung in den Bereichen Berufsberatung, digitale F\u00e4higkeiten und Kompetenzen f\u00fcr Besch\u00e4ftigung und Unternehmertum.  <\/p>\n<p>Mit dieser Initiative bekr\u00e4ftigt das Konsistorium sein Engagement f\u00fcr die Entwicklung junger Talente und f\u00fcr eine Ausbildung, die die Besch\u00e4ftigungsf\u00e4higkeit f\u00f6rdert, und unterstreicht sein Engagement f\u00fcr ein praxisnahes Bildungsmodell, das sich an den Bed\u00fcrfnissen des Arbeitsmarktes orientiert.<\/p>\n","protected":false},"excerpt":{"rendered":"<p><span>Wie jedes Jahr empf\u00e4ngt das Konsistorium junge Menschen, die sich auf verschiedene Bereiche spezialisiert haben, um ihnen eine praktische Ausbildung zu bieten, die sie mit der Arbeitsrealit\u00e4t in ihrem Sektor in Kontakt bringt.<\/span><\/p>\n","protected":false},"author":1,"featured_media":7559,"comment_status":"open","ping_status":"open","sticky":false,"template":"","format":"standard","meta":{"inline_featured_image":false,"jnews-multi-image_gallery":[],"jnews_single_post":[],"jnews_primary_category":[],"jnews_social_meta":[],"jnews_override_counter":[],"jnews_post_split":[],"footnotes":""},"categories":[291],"tags":[306,216],"class_list":["post-7563","post","type-post","status-publish","format-standard","has-post-thumbnail","hentry","category-la-oliva-de","tag-educacion-de","tag-fuerteventura-de"],"jetpack_featured_media_url":"https:\/\/informacionlocal.es\/wp-content\/uploads\/2025\/07\/5223_5c1fa8fa.png","_links":{"self":[{"href":"https:\/\/informacionlocal.es\/de\/wp-json\/wp\/v2\/posts\/7563","targetHints":{"allow":["GET"]}}],"collection":[{"href":"https:\/\/informacionlocal.es\/de\/wp-json\/wp\/v2\/posts"}],"about":[{"href":"https:\/\/informacionlocal.es\/de\/wp-json\/wp\/v2\/types\/post"}],"author":[{"embeddable":true,"href":"https:\/\/informacionlocal.es\/de\/wp-json\/wp\/v2\/users\/1"}],"replies":[{"embeddable":true,"href":"https:\/\/informacionlocal.es\/de\/wp-json\/wp\/v2\/comments?post=7563"}],"version-history":[{"count":0,"href":"https:\/\/informacionlocal.es\/de\/wp-json\/wp\/v2\/posts\/7563\/revisions"}],"wp:featuredmedia":[{"embeddable":true,"href":"https:\/\/informacionlocal.es\/de\/wp-json\/wp\/v2\/media\/7559"}],"wp:attachment":[{"href":"https:\/\/informacionlocal.es\/de\/wp-json\/wp\/v2\/media?parent=7563"}],"wp:term":[{"taxonomy":"category","embeddable":true,"href":"https:\/\/informacionlocal.es\/de\/wp-json\/wp\/v2\/categories?post=7563"},{"taxonomy":"post_tag","embeddable":true,"href":"https:\/\/informacionlocal.es\/de\/wp-json\/wp\/v2\/tags?post=7563"}],"curies":[{"name":"wp","href":"https:\/\/api.w.org\/{rel}","templated":true}]}}