{"id":7550,"date":"2025-07-15T01:00:20","date_gmt":"2025-07-15T00:00:20","guid":{"rendered":"https:\/\/informacionlocal.es\/die-stadtverwaltung-von-puerto-del-rosario-bedankt-sich-fuer-die-rege-beteiligung-junger-menschen-an-puerto-joven\/"},"modified":"2025-07-15T01:00:20","modified_gmt":"2025-07-15T00:00:20","slug":"die-stadtverwaltung-von-puerto-del-rosario-bedankt-sich-fuer-die-rege-beteiligung-junger-menschen-an-puerto-joven","status":"publish","type":"post","link":"https:\/\/informacionlocal.es\/de\/die-stadtverwaltung-von-puerto-del-rosario-bedankt-sich-fuer-die-rege-beteiligung-junger-menschen-an-puerto-joven\/","title":{"rendered":"Die Stadtverwaltung von Puerto del Rosario bedankt sich f\u00fcr die rege Beteiligung junger Menschen an &#8222;Puerto joven&#8220;."},"content":{"rendered":"<div class=\"entry-content\">\n<div class=\"xdj266r x14z9mp xat24cr x1lziwak x1vvkbs x126k92a\">\n<div dir=\"auto\">Die Stadtverwaltung von Puerto del Rosario bedankt sich \u00fcber die Jugendabteilung f\u00fcr die rege Teilnahme der Jugendlichen an den verschiedenen Aktivit\u00e4ten von &#8222;Puerto Joven&#8220;, die in diesen Tagen am Strand von Los Pozos stattfinden.<\/div>\n<\/div>\n<div class=\"x14z9mp xat24cr x1lziwak x1vvkbs xtlvy1s x126k92a\">\n<div dir=\"auto\">Reaktionen wie diese ermutigen uns, gemeinsam weiterzumachen und in verschiedenen Abteilungen Programme, Projekte und Auff\u00fchrungen f\u00fcr ein Publikum aller Altersgruppen zu organisieren.<\/div>\n<\/div>\n<\/div>\n","protected":false},"excerpt":{"rendered":"<p>Die Stadtverwaltung von Puerto del Rosario bedankt sich \u00fcber die Jugendabteilung f\u00fcr die rege Teilnahme der Jugendlichen an den verschiedenen Aktivit\u00e4ten von &#8222;Puerto Joven&#8220;, die in diesen Tagen am Strand [&hellip;]<\/p>\n","protected":false},"author":1,"featured_media":7547,"comment_status":"open","ping_status":"open","sticky":false,"template":"","format":"standard","meta":{"inline_featured_image":false,"jnews-multi-image_gallery":[],"jnews_single_post":[],"jnews_primary_category":[],"jnews_social_meta":[],"jnews_override_counter":[],"jnews_post_split":[],"footnotes":""},"categories":[293],"tags":[],"class_list":["post-7550","post","type-post","status-publish","format-standard","has-post-thumbnail","hentry","category-puerto-del-rosario-de"],"jetpack_featured_media_url":"https:\/\/informacionlocal.es\/wp-content\/uploads\/2025\/07\/puerto-joven-titu-concierto-publico-1.jpg","_links":{"self":[{"href":"https:\/\/informacionlocal.es\/de\/wp-json\/wp\/v2\/posts\/7550","targetHints":{"allow":["GET"]}}],"collection":[{"href":"https:\/\/informacionlocal.es\/de\/wp-json\/wp\/v2\/posts"}],"about":[{"href":"https:\/\/informacionlocal.es\/de\/wp-json\/wp\/v2\/types\/post"}],"author":[{"embeddable":true,"href":"https:\/\/informacionlocal.es\/de\/wp-json\/wp\/v2\/users\/1"}],"replies":[{"embeddable":true,"href":"https:\/\/informacionlocal.es\/de\/wp-json\/wp\/v2\/comments?post=7550"}],"version-history":[{"count":0,"href":"https:\/\/informacionlocal.es\/de\/wp-json\/wp\/v2\/posts\/7550\/revisions"}],"wp:featuredmedia":[{"embeddable":true,"href":"https:\/\/informacionlocal.es\/de\/wp-json\/wp\/v2\/media\/7547"}],"wp:attachment":[{"href":"https:\/\/informacionlocal.es\/de\/wp-json\/wp\/v2\/media?parent=7550"}],"wp:term":[{"taxonomy":"category","embeddable":true,"href":"https:\/\/informacionlocal.es\/de\/wp-json\/wp\/v2\/categories?post=7550"},{"taxonomy":"post_tag","embeddable":true,"href":"https:\/\/informacionlocal.es\/de\/wp-json\/wp\/v2\/tags?post=7550"}],"curies":[{"name":"wp","href":"https:\/\/api.w.org\/{rel}","templated":true}]}}