{"id":7540,"date":"2025-07-15T00:04:29","date_gmt":"2025-07-14T23:04:29","guid":{"rendered":"https:\/\/informacionlocal.es\/das-cabildo-verbessert-die-einrichtungen-der-umschlaganlage-mal-nombre-und-der-reinigungsstelle-mal-nombre\/"},"modified":"2025-07-15T00:04:29","modified_gmt":"2025-07-14T23:04:29","slug":"das-cabildo-verbessert-die-einrichtungen-der-umschlaganlage-mal-nombre-und-der-reinigungsstelle-mal-nombre","status":"publish","type":"post","link":"https:\/\/informacionlocal.es\/de\/das-cabildo-verbessert-die-einrichtungen-der-umschlaganlage-mal-nombre-und-der-reinigungsstelle-mal-nombre\/","title":{"rendered":"Das Cabildo verbessert die Einrichtungen der Umschlaganlage Mal Nombre und der Reinigungsstelle Mal Nombre."},"content":{"rendered":"<div class=\"entry-content\"><strong>14. Juli, 2025<\/strong><\/p>\n<p>Der Inselrat von Fuerteventura hat \u00fcber seine Abfallabteilung die Einrichtungen der Umladestation und des Reinigungspunkts von Mal Nombre in der Gemeinde P\u00e1jara durch Asphaltierungsarbeiten verbessert, um den Zugang f\u00fcr die Nutzer zu erleichtern, die ihre Abf\u00e4lle am Reinigungspunkt abgeben wollen.<\/p>\n<p>Der Stadtrat f\u00fcr Abfall, Enrique P\u00e9rez, erkl\u00e4rt, dass &#8222;diese Arbeiten Teil des Verbesserungsprozesses sind, den die Inselgesellschaft an den verschiedenen Recyclingzentren, Anlagen und anderen Abfallinfrastrukturen durchf\u00fchrt&#8220;. Nach diesen Verbesserungen werden die Anlagen ab morgen, dem 15. Juli, wieder f\u00fcr die \u00d6ffentlichkeit zug\u00e4nglich und betriebsbereit sein. <\/p>\n<p>Enrique P\u00e9rez weist darauf hin, dass &#8222;das Cabildo bereits die neue mobile M\u00fcllsammelstelle erhalten hat, die in den kommenden Wochen in Betrieb genommen wird. Diese mobile M\u00fcllsammelstelle wird die festen Anlagen erg\u00e4nzen und das Recycling allen Bewohnern Fuerteventuras n\u00e4her bringen&#8220;. Es wird auch erwartet, dass in K\u00fcrze neue Maschinen in Betrieb genommen werden, um die M\u00fcllumschlagpl\u00e4tze in Tuineje, Lajares (La Oliva) und Mal Nombre (P\u00e1jara) zu renovieren. <\/p>\n<p>In den Umschlaganlagen, die Eigentum der Inselgesellschaft sind, wird der Hausm\u00fcll aus der kommunalen Sammlung nach dem Wiegen angenommen und verdichtet, um dann zur Behandlung in den Umweltkomplex Zurita gebracht zu werden. Diese neuen Maschinen (drei Zugmaschinen) werden die Umschlaganlagen an die selektive Sammlung von organischen Abf\u00e4llen\/Bioabf\u00e4llen, die auf Fuerteventura anfallen und als &#8222;f\u00fcnfte Tonne&#8220; bezeichnet werden, anpassen. <\/p>\n<\/div>\n","protected":false},"excerpt":{"rendered":"<p>14. Juli, 2025 Der Inselrat von Fuerteventura hat \u00fcber seine Abfallabteilung die Einrichtungen der Umladestation und des Reinigungspunkts von Mal Nombre in der Gemeinde P\u00e1jara durch Asphaltierungsarbeiten verbessert, um den [&hellip;]<\/p>\n","protected":false},"author":1,"featured_media":7535,"comment_status":"open","ping_status":"open","sticky":false,"template":"","format":"standard","meta":{"inline_featured_image":false,"jnews-multi-image_gallery":[],"jnews_single_post":[],"jnews_primary_category":[],"jnews_social_meta":[],"jnews_override_counter":[],"jnews_post_split":[],"footnotes":""},"categories":[287],"tags":[216],"class_list":["post-7540","post","type-post","status-publish","format-standard","has-post-thumbnail","hentry","category-cabildo-de","tag-fuerteventura-de"],"jetpack_featured_media_url":"https:\/\/informacionlocal.es\/wp-content\/uploads\/2025\/07\/wwwwwee.jpeg","_links":{"self":[{"href":"https:\/\/informacionlocal.es\/de\/wp-json\/wp\/v2\/posts\/7540","targetHints":{"allow":["GET"]}}],"collection":[{"href":"https:\/\/informacionlocal.es\/de\/wp-json\/wp\/v2\/posts"}],"about":[{"href":"https:\/\/informacionlocal.es\/de\/wp-json\/wp\/v2\/types\/post"}],"author":[{"embeddable":true,"href":"https:\/\/informacionlocal.es\/de\/wp-json\/wp\/v2\/users\/1"}],"replies":[{"embeddable":true,"href":"https:\/\/informacionlocal.es\/de\/wp-json\/wp\/v2\/comments?post=7540"}],"version-history":[{"count":0,"href":"https:\/\/informacionlocal.es\/de\/wp-json\/wp\/v2\/posts\/7540\/revisions"}],"wp:featuredmedia":[{"embeddable":true,"href":"https:\/\/informacionlocal.es\/de\/wp-json\/wp\/v2\/media\/7535"}],"wp:attachment":[{"href":"https:\/\/informacionlocal.es\/de\/wp-json\/wp\/v2\/media?parent=7540"}],"wp:term":[{"taxonomy":"category","embeddable":true,"href":"https:\/\/informacionlocal.es\/de\/wp-json\/wp\/v2\/categories?post=7540"},{"taxonomy":"post_tag","embeddable":true,"href":"https:\/\/informacionlocal.es\/de\/wp-json\/wp\/v2\/tags?post=7540"}],"curies":[{"name":"wp","href":"https:\/\/api.w.org\/{rel}","templated":true}]}}