{"id":7526,"date":"2025-07-14T23:00:32","date_gmt":"2025-07-14T22:00:32","guid":{"rendered":"https:\/\/informacionlocal.es\/das-cabildo-von-fuerteventura-fordert-die-sofortige-instandsetzung-des-leuchtturms-von-punta-pesebre\/"},"modified":"2025-07-14T23:00:32","modified_gmt":"2025-07-14T22:00:32","slug":"das-cabildo-von-fuerteventura-fordert-die-sofortige-instandsetzung-des-leuchtturms-von-punta-pesebre","status":"publish","type":"post","link":"https:\/\/informacionlocal.es\/de\/das-cabildo-von-fuerteventura-fordert-die-sofortige-instandsetzung-des-leuchtturms-von-punta-pesebre\/","title":{"rendered":"Das Cabildo von Fuerteventura fordert die sofortige Instandsetzung des Leuchtturms von Punta Pesebre"},"content":{"rendered":"<div class=\"entry-content\"><strong>14. Juli, 2025<\/strong><\/p>\n<p><em><strong>Lola Garc\u00eda fordert die Hafenbeh\u00f6rde von Las Palmas auf, eine stark verfallene Anlage in einem landschaftlich besonders reizvollen Gebiet zu sanieren.<\/strong><\/em><\/p>\n<p>Der Inselrat von Fuerteventura hat sofortige Ma\u00dfnahmen zur Instandsetzung und Verbesserung des Leuchtturms von Punta Pesebre gefordert, der sich im S\u00fcdwesten der Insel im Naturpark Jand\u00eda befindet. Die Pr\u00e4sidentin des Cabildo, Lola Garc\u00eda, hat sich in einem Schreiben an die Hafenbeh\u00f6rde von Las Palmas gewandt, um ihre Besorgnis \u00fcber den Erhaltungszustand des Leuchtturms zum Ausdruck zu bringen, der sich in einem fortgeschrittenen Stadium der Verschlechterung befindet, mit Erdrutschen, strukturellen Rissen und einem allgemeinen Erscheinungsbild der Vernachl\u00e4ssigung, das dem Image der Umgebung ernsthaft schadet. Diese Situation stellt nicht nur die Sicherheit und den Erhalt des Geb\u00e4udes in Frage, sondern beeintr\u00e4chtigt auch das Image von Fuerteventura.  <\/p>\n<p>Diese Infrastruktur von technischer und maritimer Bedeutung hat auch einen wichtigen symbolischen Wert, da sie sich in einem Gebiet von besonderer nat\u00fcrlicher und landschaftlicher Attraktivit\u00e4t befindet. Aus diesem Grund fordert das Cabildo sofortige Ma\u00dfnahmen, um die notwendigen Reparaturen und Verbesserungen an der Anlage vorzunehmen, &#8222;w\u00e4hrend wir uns gleichzeitig f\u00fcr jede notwendige Zusammenarbeit zur Verf\u00fcgung stellen und auf eine positive Antwort der Hafenbeh\u00f6rde hoffen, in der \u00dcberzeugung, dass die Erhaltung des Erbes und der Infrastruktur eine institutionelle Priorit\u00e4t sein muss&#8220;, schlie\u00dft Garc\u00eda. <\/p>\n<\/div>\n","protected":false},"excerpt":{"rendered":"<p>14. Juli, 2025 Lola Garc\u00eda fordert die Hafenbeh\u00f6rde von Las Palmas auf, eine stark verfallene Anlage in einem landschaftlich besonders reizvollen Gebiet zu sanieren. Der Inselrat von Fuerteventura hat sofortige [&hellip;]<\/p>\n","protected":false},"author":1,"featured_media":7523,"comment_status":"open","ping_status":"open","sticky":false,"template":"","format":"standard","meta":{"inline_featured_image":false,"jnews-multi-image_gallery":[],"jnews_single_post":[],"jnews_primary_category":[],"jnews_social_meta":[],"jnews_override_counter":[],"jnews_post_split":[],"footnotes":""},"categories":[287],"tags":[216],"class_list":["post-7526","post","type-post","status-publish","format-standard","has-post-thumbnail","hentry","category-cabildo-de","tag-fuerteventura-de"],"jetpack_featured_media_url":"https:\/\/informacionlocal.es\/wp-content\/uploads\/2025\/07\/eee-7.jpeg","_links":{"self":[{"href":"https:\/\/informacionlocal.es\/de\/wp-json\/wp\/v2\/posts\/7526","targetHints":{"allow":["GET"]}}],"collection":[{"href":"https:\/\/informacionlocal.es\/de\/wp-json\/wp\/v2\/posts"}],"about":[{"href":"https:\/\/informacionlocal.es\/de\/wp-json\/wp\/v2\/types\/post"}],"author":[{"embeddable":true,"href":"https:\/\/informacionlocal.es\/de\/wp-json\/wp\/v2\/users\/1"}],"replies":[{"embeddable":true,"href":"https:\/\/informacionlocal.es\/de\/wp-json\/wp\/v2\/comments?post=7526"}],"version-history":[{"count":0,"href":"https:\/\/informacionlocal.es\/de\/wp-json\/wp\/v2\/posts\/7526\/revisions"}],"wp:featuredmedia":[{"embeddable":true,"href":"https:\/\/informacionlocal.es\/de\/wp-json\/wp\/v2\/media\/7523"}],"wp:attachment":[{"href":"https:\/\/informacionlocal.es\/de\/wp-json\/wp\/v2\/media?parent=7526"}],"wp:term":[{"taxonomy":"category","embeddable":true,"href":"https:\/\/informacionlocal.es\/de\/wp-json\/wp\/v2\/categories?post=7526"},{"taxonomy":"post_tag","embeddable":true,"href":"https:\/\/informacionlocal.es\/de\/wp-json\/wp\/v2\/tags?post=7526"}],"curies":[{"name":"wp","href":"https:\/\/api.w.org\/{rel}","templated":true}]}}