{"id":7513,"date":"2025-07-14T22:02:15","date_gmt":"2025-07-14T21:02:15","guid":{"rendered":"https:\/\/informacionlocal.es\/das-cabildo-von-fuerteventura-saniert-den-strassenbelag-der-fv-2-in-las-salinas-del-carmen\/"},"modified":"2025-07-14T22:02:15","modified_gmt":"2025-07-14T21:02:15","slug":"das-cabildo-von-fuerteventura-saniert-den-strassenbelag-der-fv-2-in-las-salinas-del-carmen","status":"publish","type":"post","link":"https:\/\/informacionlocal.es\/de\/das-cabildo-von-fuerteventura-saniert-den-strassenbelag-der-fv-2-in-las-salinas-del-carmen\/","title":{"rendered":"Das Cabildo von Fuerteventura saniert den Stra\u00dfenbelag der FV-2 in Las Salinas del Carmen"},"content":{"rendered":"<div class=\"entry-content\"><strong>14. Juli, 2025<\/strong><\/p>\n<p><em><strong>Die Arbeiten werden \u00fcber einen Zeitraum von sechs Monaten zwischen den Kilometern 14,1 und 19,2 durchgef\u00fchrt und haben ein Budget von 1,9 Millionen Euro.<\/strong><\/em><\/p>\n<p><em><strong>Die Pr\u00e4sidentin der Insel, Lola Garc\u00eda, und der Stadtrat Blas Acosta betonen den Wert einer Investition, die f\u00fcr mehr Sicherheit und Komfort auf einer stark befahrenen Stra\u00dfe von regionalem Interesse sorgen wird.<\/strong><\/em><\/p>\n<p>Das Stra\u00dfenbauamt von Fuerteventura arbeitet an der Sanierung der Fahrbahndecke der FV-2 in Las Salinas del Carmen, zwischen den Kilometern 14,1 und 19,2. Mit dieser Ma\u00dfnahme werden im Allgemeinen die Sch\u00e4den an der Fahrbahnoberfl\u00e4che und, in sehr begrenztem Umfang, die strukturellen Sch\u00e4den behoben, die in diesem Abschnitt der Gemeinde Antigua festgestellt wurden. <\/p>\n<p>Die Pr\u00e4sidentin der Stadtverwaltung, Lola Garc\u00eda, unterstreicht die Bedeutung der von der Stadtverwaltung durchgef\u00fchrten Arbeiten, um die Stra\u00dfen in einwandfreiem Zustand zu halten. In diesem Fall mit einer Investition von 1,9 Millionen Euro, um den Komfort und die Sicherheit einer stark befahrenen Stra\u00dfe zu verbessern. <\/p>\n<p>Der Stadtrat f\u00fcr Stra\u00dfen, Blas Acosta, erinnert daran, dass &#8222;diese Stra\u00dfe von regionalem Interesse, die Fuerteventura von S\u00fcden nach Norden verbindet und die Seebr\u00fccken mit Gran Canaria und Lanzarote verbindet, sowie den Flughafen bedient, unter gro\u00dfem Druck von Fahrzeugen steht, so dass wir sie mit mehr Sicherheit und Komfort ausstatten m\u00fcssen, damit der Transit von Anwohnern, Transporteuren und Touristen eine positive Erfahrung ist&#8220;.<\/p>\n<p>Das Projekt &#8222;Sanierung des Stra\u00dfenbelags der FV-2 zwischen km 14+110 und 19+270&#8220; beseitigt die Risiken f\u00fcr die Verkehrssicherheit und erleichtert den Verkehr f\u00fcr die zahlreichen Nutzer, die die Stra\u00dfe t\u00e4glich benutzen. Die Sanierung des Stra\u00dfenbelags der FV-2 zwischen km 14+110 und 19+270 beseitigt Sicherheitsrisiken und erleichtert den Verkehr der zahlreichen Nutzer, die die Stra\u00dfe t\u00e4glich benutzen. Die Arbeiten dauern sechs Monate und sind mit einem Budget von 1,9 Millionen Euro ausgestattet. <\/p>\n<p>Die geplanten Ma\u00dfnahmen sehen vor, dass die derzeitige Gestaltung und Oberfl\u00e4che der FV-2 jederzeit erhalten bleibt. Sie zielen darauf ab, die R\u00e4nder des einzugreifenden Abschnitts zu reinigen und zu s\u00e4ubern, zweischichtige Betonborde einzubauen und Verkehrsinseln aufzuf\u00fcllen, die Oberfl\u00e4che der Fahrbahn zu verbessern, k\u00fcnstlichen Schotter auszubringen, um die Kontinuit\u00e4t des Bahnsteigs zu erhalten, und die bestehende Beschilderung, Signalisierung und das Auffangsystem zu ersetzen.<\/p>\n<p>Auf technischer Ebene wird die Stra\u00dfe mit einer 3 cm dicken Oberfl\u00e4chenregulierungsschicht des Typs AC16 surf B 50\/70 D versehen, die zur Versiegelung und Regulierung der bestehenden Schicht verwendet wird. Darauf wird eine 5 cm dicke Deckschicht des Typs AC16 surf B 50\/70 D aufgebracht, au\u00dfer in bestimmten Abschnitten, in denen eine strukturelle Sanierung durch Abfr\u00e4sen von 7 cm der Fahrbahn und anschlie\u00dfendes Auftragen einer 10 cm dicken MBC-Schicht des Typs AC22 bin 50\/70 D erfolgt, auf die eine 5 cm dicke Deckschicht des Typs AC16 surf B 50\/70 D aufgebracht wird. <\/p>\n<\/div>\n","protected":false},"excerpt":{"rendered":"<p>14. Juli, 2025 Die Arbeiten werden \u00fcber einen Zeitraum von sechs Monaten zwischen den Kilometern 14,1 und 19,2 durchgef\u00fchrt und haben ein Budget von 1,9 Millionen Euro. Die Pr\u00e4sidentin der [&hellip;]<\/p>\n","protected":false},"author":1,"featured_media":7511,"comment_status":"open","ping_status":"open","sticky":false,"template":"","format":"standard","meta":{"inline_featured_image":false,"jnews-multi-image_gallery":[],"jnews_single_post":[],"jnews_primary_category":[],"jnews_social_meta":[],"jnews_override_counter":[],"jnews_post_split":[],"footnotes":""},"categories":[287],"tags":[216],"class_list":["post-7513","post","type-post","status-publish","format-standard","has-post-thumbnail","hentry","category-cabildo-de","tag-fuerteventura-de"],"jetpack_featured_media_url":"https:\/\/informacionlocal.es\/wp-content\/uploads\/2025\/07\/eeeee.jpeg","_links":{"self":[{"href":"https:\/\/informacionlocal.es\/de\/wp-json\/wp\/v2\/posts\/7513","targetHints":{"allow":["GET"]}}],"collection":[{"href":"https:\/\/informacionlocal.es\/de\/wp-json\/wp\/v2\/posts"}],"about":[{"href":"https:\/\/informacionlocal.es\/de\/wp-json\/wp\/v2\/types\/post"}],"author":[{"embeddable":true,"href":"https:\/\/informacionlocal.es\/de\/wp-json\/wp\/v2\/users\/1"}],"replies":[{"embeddable":true,"href":"https:\/\/informacionlocal.es\/de\/wp-json\/wp\/v2\/comments?post=7513"}],"version-history":[{"count":0,"href":"https:\/\/informacionlocal.es\/de\/wp-json\/wp\/v2\/posts\/7513\/revisions"}],"wp:featuredmedia":[{"embeddable":true,"href":"https:\/\/informacionlocal.es\/de\/wp-json\/wp\/v2\/media\/7511"}],"wp:attachment":[{"href":"https:\/\/informacionlocal.es\/de\/wp-json\/wp\/v2\/media?parent=7513"}],"wp:term":[{"taxonomy":"category","embeddable":true,"href":"https:\/\/informacionlocal.es\/de\/wp-json\/wp\/v2\/categories?post=7513"},{"taxonomy":"post_tag","embeddable":true,"href":"https:\/\/informacionlocal.es\/de\/wp-json\/wp\/v2\/tags?post=7513"}],"curies":[{"name":"wp","href":"https:\/\/api.w.org\/{rel}","templated":true}]}}