{"id":7502,"date":"2025-07-14T21:00:10","date_gmt":"2025-07-14T20:00:10","guid":{"rendered":"https:\/\/informacionlocal.es\/unterzeichnung-einer-vereinbarung-mit-famal-zur-verhinderung-geschlechtsspezifischer-gewalt-und-zur-foerderung-der-gleichstellung-in-der-gemeinde\/"},"modified":"2025-07-14T21:00:10","modified_gmt":"2025-07-14T20:00:10","slug":"unterzeichnung-einer-vereinbarung-mit-famal-zur-verhinderung-geschlechtsspezifischer-gewalt-und-zur-foerderung-der-gleichstellung-in-der-gemeinde","status":"publish","type":"post","link":"https:\/\/informacionlocal.es\/de\/unterzeichnung-einer-vereinbarung-mit-famal-zur-verhinderung-geschlechtsspezifischer-gewalt-und-zur-foerderung-der-gleichstellung-in-der-gemeinde\/","title":{"rendered":"Unterzeichnung einer Vereinbarung mit FAMAL zur Verhinderung geschlechtsspezifischer Gewalt und zur F\u00f6rderung der Gleichstellung in der Gemeinde"},"content":{"rendered":"<div class=\"entry-content\">\n<p><strong>Ein strategisches B\u00fcndnis f\u00fcr den weiteren Aufbau einer gerechteren, integrativeren und sichereren Stadt f\u00fcr alle Menschen.<\/strong><\/p>\n<p>Der B\u00fcrgermeister von Puerto del Rosario, <strong>David de Vera<\/strong>, unterzeichnete am Montagmorgen, 14. Juli, in Begleitung der Stadtr\u00e4tin f\u00fcr Gleichstellung, Vielfalt und LGTBI, <strong>Tacoremi Guti\u00e9rrez<\/strong>, eine <strong>Kooperationsvereinbarung<\/strong> mit der Pr\u00e4sidentin der <strong>F\u00f6deration der Frauenverb\u00e4nde Arena y Laurisilva (FAMAL<\/strong>), <strong>Olga Mar\u00eda Barrera<\/strong>, mit dem Ziel, das <em>Programm zur Sensibilisierung und Vorbeugung von geschlechtsspezifischer Gewalt und zur Dynamisierung der Feministischen Bibliothek Lorenza Mach\u00edn<\/em> fortzusetzen <em>.<\/em><\/p>\n<p>Diese Vereinbarung bildet den Rahmen f\u00fcr ein gemeinsames Vorgehen der Stadtverwaltung und der F\u00f6deration bei der Umsetzung eines ehrgeizigen Projekts zur F\u00f6rderung der Gleichstellung, zur Verhinderung geschlechtsspezifischer Gewalt und zur F\u00f6rderung eines Raums f\u00fcr Lernen und B\u00fcrgerbeteiligung.<\/p>\n<p>Die Feministische Bibliothek Lorenza Mach\u00edn wird ein Treffpunkt sein, an dem Aktivit\u00e4ten wie die Ausleihe und Konsultation einer spezialisierten bibliografischen Sammlung, Buchpr\u00e4sentationen, Debatten, literarische Treffen und andere Initiativen stattfinden, die den Dialog, die Reflexion und das kritische Denken \u00fcber Feminismus und Frauenrechte f\u00f6rdern.<\/p>\n<p><strong>David de Vera<\/strong>, B\u00fcrgermeister von Puerto del Rosario, unterstrich die Bedeutung dieser Initiative und betonte, dass:<\/p>\n<p>&#8222;Wir sind entschlossen, eine gerechtere und gleichberechtigtere Gemeinde aufzubauen. Diese Vereinbarung ist ein wichtiger Schritt zur Sensibilisierung unserer Bev\u00f6lkerung und zur Beseitigung der geschlechtsspezifischen Gewalt, wobei wir unsere Bem\u00fchungen auf die Bereiche Bildung und Ausbildung konzentrieren&#8220;.<\/p>\n<p>Die Stadtr\u00e4tin f\u00fcr Gleichstellung, Vielfalt und LGTBI, <strong>Tacoremi Guti\u00e9rrez<\/strong>, bekr\u00e4ftigte ihrerseits ihr Engagement f\u00fcr Gleichstellung und soziale Gerechtigkeit:<\/p>\n<p>&#8222;Der Stadtrat wird weiterhin Projekte unterst\u00fctzen, die der gesamten Gemeinschaft zugute kommen und eine Kultur des Respekts, der Gleichberechtigung und des Zusammenlebens f\u00f6rdern&#8220;.<\/p>\n<p>Die Pr\u00e4sidentin der FAMAL, <strong>Olga Mar\u00eda Barrera<\/strong>, bedankte sich f\u00fcr diese Vereinbarung und stellte fest, dass:<\/p>\n<p>&#8222;Die Einbeziehung der gesamten Gemeinschaft ist unerl\u00e4sslich, um echte und dauerhafte Ver\u00e4nderungen in unserem Umfeld herbeizuf\u00fchren. Wir werden uns auch weiterhin verantwortungsbewusst und engagiert f\u00fcr die Gleichstellung und die Verh\u00fctung geschlechtsspezifischer Gewalt einsetzen.<\/p>\n<p>Die Stadtverwaltung von Puerto del Rosario l\u00e4dt alle B\u00fcrgerinnen und B\u00fcrger ein, sich aktiv an diesem Projekt zu beteiligen, in der \u00dcberzeugung, dass wir mit der Beteiligung aller eine gleichberechtigtere, sicherere und respektvollere Gemeinde aufbauen k\u00f6nnen.<\/p>\n<\/div>\n","protected":false},"excerpt":{"rendered":"<p>Ein strategisches B\u00fcndnis f\u00fcr den weiteren Aufbau einer gerechteren, integrativeren und sichereren Stadt f\u00fcr alle Menschen. Der B\u00fcrgermeister von Puerto del Rosario, David de Vera, unterzeichnete am Montagmorgen, 14. Juli, [&hellip;]<\/p>\n","protected":false},"author":1,"featured_media":7499,"comment_status":"open","ping_status":"open","sticky":false,"template":"","format":"standard","meta":{"inline_featured_image":false,"jnews-multi-image_gallery":[],"jnews_single_post":[],"jnews_primary_category":[],"jnews_social_meta":[],"jnews_override_counter":[],"jnews_post_split":[],"footnotes":""},"categories":[293],"tags":[306],"class_list":["post-7502","post","type-post","status-publish","format-standard","has-post-thumbnail","hentry","category-puerto-del-rosario-de","tag-educacion-de"],"jetpack_featured_media_url":"https:\/\/informacionlocal.es\/wp-content\/uploads\/2025\/07\/convenio-ppal-140725-arena-y-l-sentados.jpg","_links":{"self":[{"href":"https:\/\/informacionlocal.es\/de\/wp-json\/wp\/v2\/posts\/7502","targetHints":{"allow":["GET"]}}],"collection":[{"href":"https:\/\/informacionlocal.es\/de\/wp-json\/wp\/v2\/posts"}],"about":[{"href":"https:\/\/informacionlocal.es\/de\/wp-json\/wp\/v2\/types\/post"}],"author":[{"embeddable":true,"href":"https:\/\/informacionlocal.es\/de\/wp-json\/wp\/v2\/users\/1"}],"replies":[{"embeddable":true,"href":"https:\/\/informacionlocal.es\/de\/wp-json\/wp\/v2\/comments?post=7502"}],"version-history":[{"count":0,"href":"https:\/\/informacionlocal.es\/de\/wp-json\/wp\/v2\/posts\/7502\/revisions"}],"wp:featuredmedia":[{"embeddable":true,"href":"https:\/\/informacionlocal.es\/de\/wp-json\/wp\/v2\/media\/7499"}],"wp:attachment":[{"href":"https:\/\/informacionlocal.es\/de\/wp-json\/wp\/v2\/media?parent=7502"}],"wp:term":[{"taxonomy":"category","embeddable":true,"href":"https:\/\/informacionlocal.es\/de\/wp-json\/wp\/v2\/categories?post=7502"},{"taxonomy":"post_tag","embeddable":true,"href":"https:\/\/informacionlocal.es\/de\/wp-json\/wp\/v2\/tags?post=7502"}],"curies":[{"name":"wp","href":"https:\/\/api.w.org\/{rel}","templated":true}]}}