{"id":7465,"date":"2025-07-14T17:59:59","date_gmt":"2025-07-14T16:59:59","guid":{"rendered":"https:\/\/informacionlocal.es\/puerto-del-rosario-verstaerkt-seine-sicherheit-und-reaktion-auf-notfaelle\/"},"modified":"2025-07-14T17:59:59","modified_gmt":"2025-07-14T16:59:59","slug":"puerto-del-rosario-verstaerkt-seine-sicherheit-und-reaktion-auf-notfaelle","status":"publish","type":"post","link":"https:\/\/informacionlocal.es\/de\/puerto-del-rosario-verstaerkt-seine-sicherheit-und-reaktion-auf-notfaelle\/","title":{"rendered":"Puerto del Rosario verst\u00e4rkt seine Sicherheit und Reaktion auf Notf\u00e4lle"},"content":{"rendered":"<div class=\"entry-content\">\n<div class=\"xdj266r x14z9mp xat24cr x1lziwak x1vvkbs x126k92a\">\n<div dir=\"auto\">Am Montag, dem 14. Juli, stellten wir ein neues leichtes Einsatzleitfahrzeug, modernste Rettungsger\u00e4te, Gasdetektoren, W\u00e4rmebildkameras, spezielle Feuerl\u00f6scher f\u00fcr Lithiumbatterien, Kennzeichnungswesten und ein Live-Kommunikationssystem zur besseren Koordinierung aller beteiligten Teams vor.<\/div>\n<\/div>\n<div class=\"x14z9mp xat24cr x1lziwak x1vvkbs xtlvy1s x126k92a\">\n<div dir=\"auto\"><span class=\"html-span xexx8yu xyri2b x18d9i69 x1c1uobl x1hl2dhg x16tdsg8 x1vvkbs x3nfvp2 x1j61x8r x1fcty0u xdj266r xat24cr xm2jcoa x1mpyi22 xxymvpz xlup9mm x1kky2od\">Alle diese<\/span>neuen Ger\u00e4te sind eigenst\u00e4ndig, batteriebetrieben und wasserdicht, was ein schnelleres und effektiveres Handeln in jeder Gefahrensituation gew\u00e4hrleistet.<\/div>\n<\/div>\n<div class=\"x14z9mp xat24cr x1lziwak x1vvkbs xtlvy1s x126k92a\">\n<div dir=\"auto\">B\u00fcrgermeister David de Vera betonte, dass &#8222;die Sicherheit unserer Nachbarn Vorrang hat&#8220;, und die Stadtr\u00e4tin f\u00fcr Personal und Einstellung, Mar\u00eda Franco, betonte, dass &#8222;wir unsere Teams mit den besten Mitteln ausstatten, um alle B\u00fcrger zu sch\u00fctzen&#8220;.<\/div>\n<\/div>\n<div class=\"x14z9mp xat24cr x1lziwak x1vvkbs xtlvy1s x126k92a\">\n<div dir=\"auto\">Mit diesem Schritt macht Puerto del Rosario Fortschritte bei der Verbesserung von Sicherheit und Schutz f\u00fcr alle.<\/div>\n<\/div>\n<\/div>\n","protected":false},"excerpt":{"rendered":"<p>Am Montag, dem 14. Juli, stellten wir ein neues leichtes Einsatzleitfahrzeug, modernste Rettungsger\u00e4te, Gasdetektoren, W\u00e4rmebildkameras, spezielle Feuerl\u00f6scher f\u00fcr Lithiumbatterien, Kennzeichnungswesten und ein Live-Kommunikationssystem zur besseren Koordinierung aller beteiligten Teams vor. [&hellip;]<\/p>\n","protected":false},"author":1,"featured_media":7463,"comment_status":"open","ping_status":"open","sticky":false,"template":"","format":"standard","meta":{"inline_featured_image":false,"jnews-multi-image_gallery":[],"jnews_single_post":[],"jnews_primary_category":[],"jnews_social_meta":[],"jnews_override_counter":[],"jnews_post_split":[],"footnotes":""},"categories":[293],"tags":[],"class_list":["post-7465","post","type-post","status-publish","format-standard","has-post-thumbnail","hentry","category-puerto-del-rosario-de"],"jetpack_featured_media_url":"https:\/\/informacionlocal.es\/wp-content\/uploads\/2025\/07\/emergencias-titu-material-140725.jpg","_links":{"self":[{"href":"https:\/\/informacionlocal.es\/de\/wp-json\/wp\/v2\/posts\/7465","targetHints":{"allow":["GET"]}}],"collection":[{"href":"https:\/\/informacionlocal.es\/de\/wp-json\/wp\/v2\/posts"}],"about":[{"href":"https:\/\/informacionlocal.es\/de\/wp-json\/wp\/v2\/types\/post"}],"author":[{"embeddable":true,"href":"https:\/\/informacionlocal.es\/de\/wp-json\/wp\/v2\/users\/1"}],"replies":[{"embeddable":true,"href":"https:\/\/informacionlocal.es\/de\/wp-json\/wp\/v2\/comments?post=7465"}],"version-history":[{"count":0,"href":"https:\/\/informacionlocal.es\/de\/wp-json\/wp\/v2\/posts\/7465\/revisions"}],"wp:featuredmedia":[{"embeddable":true,"href":"https:\/\/informacionlocal.es\/de\/wp-json\/wp\/v2\/media\/7463"}],"wp:attachment":[{"href":"https:\/\/informacionlocal.es\/de\/wp-json\/wp\/v2\/media?parent=7465"}],"wp:term":[{"taxonomy":"category","embeddable":true,"href":"https:\/\/informacionlocal.es\/de\/wp-json\/wp\/v2\/categories?post=7465"},{"taxonomy":"post_tag","embeddable":true,"href":"https:\/\/informacionlocal.es\/de\/wp-json\/wp\/v2\/tags?post=7465"}],"curies":[{"name":"wp","href":"https:\/\/api.w.org\/{rel}","templated":true}]}}