{"id":7455,"date":"2025-07-14T14:04:44","date_gmt":"2025-07-14T13:04:44","guid":{"rendered":"https:\/\/informacionlocal.es\/frauen-tragen-unsere-liebe-frau-vom-berge-karmel-in-einer-prozession-in-las-salinas\/"},"modified":"2025-07-14T14:04:44","modified_gmt":"2025-07-14T13:04:44","slug":"frauen-tragen-unsere-liebe-frau-vom-berge-karmel-in-einer-prozession-in-las-salinas","status":"publish","type":"post","link":"https:\/\/informacionlocal.es\/de\/frauen-tragen-unsere-liebe-frau-vom-berge-karmel-in-einer-prozession-in-las-salinas\/","title":{"rendered":"Frauen tragen Unsere Liebe Frau vom Berge Karmel in einer Prozession in Las Salinas"},"content":{"rendered":"<div class=\"elementor-widget-container\">\n<p><strong>Frauen tragen Unsere Liebe Frau vom Berge Karmel in einer Prozession in Las Salinas<\/strong><\/p>\n<p>In Las Salinas sind es traditionell die Frauen, die in einer maritimen Prozession die Muttergottes vom Berge Karmel auf ihren Schultern tragen.<\/p>\n<p>Eine \u00fcberf\u00fcllte Prozession zu Ehren Unserer Lieben Frau von Carmen fand an diesem Sonntagmittag in Las Salinas statt und bildete den Abschluss eines Festes, das sich durch eine hohe Beteiligung der Anwohner, eine gro\u00dfe Teilnahme an ihren T\u00e4nzen und Verbenas mit einer famili\u00e4ren Atmosph\u00e4re, Sicherheit und Verantwortung auszeichnete.<\/p>\n<p>Unter den vielen Freiwilligen trugen alle, die das Versprechen einl\u00f6sten, die Madonna von Carmen auf ihren Schultern, begleitet von Applaus und Jubelrufen entlang der K\u00fcstenpromenade und der Parranda de Juan Pe\u00f1a, und bei ihrer Ankunft wurde sie von der Parranda El Campillo empfangen.<\/p>\n<\/div>\n","protected":false},"excerpt":{"rendered":"<p><strong>Frauen tragen Unsere Liebe Frau von Carmen in einer Prozession in Las Salinas<\/strong><\/p>\n","protected":false},"author":1,"featured_media":7451,"comment_status":"open","ping_status":"open","sticky":false,"template":"","format":"standard","meta":{"inline_featured_image":false,"jnews-multi-image_gallery":[],"jnews_single_post":[],"jnews_primary_category":[],"jnews_social_meta":[],"jnews_override_counter":[],"jnews_post_split":[],"footnotes":""},"categories":[283],"tags":[],"class_list":["post-7455","post","type-post","status-publish","format-standard","has-post-thumbnail","hentry","category-antigua-de"],"jetpack_featured_media_url":"https:\/\/informacionlocal.es\/wp-content\/uploads\/2025\/07\/00-aa-en-las-salinas-son-las-mujeres-quienes-cargan-sobre-sus-hombros-la-virgen-del-carmen-28-scaled-1.jpg","_links":{"self":[{"href":"https:\/\/informacionlocal.es\/de\/wp-json\/wp\/v2\/posts\/7455","targetHints":{"allow":["GET"]}}],"collection":[{"href":"https:\/\/informacionlocal.es\/de\/wp-json\/wp\/v2\/posts"}],"about":[{"href":"https:\/\/informacionlocal.es\/de\/wp-json\/wp\/v2\/types\/post"}],"author":[{"embeddable":true,"href":"https:\/\/informacionlocal.es\/de\/wp-json\/wp\/v2\/users\/1"}],"replies":[{"embeddable":true,"href":"https:\/\/informacionlocal.es\/de\/wp-json\/wp\/v2\/comments?post=7455"}],"version-history":[{"count":0,"href":"https:\/\/informacionlocal.es\/de\/wp-json\/wp\/v2\/posts\/7455\/revisions"}],"wp:featuredmedia":[{"embeddable":true,"href":"https:\/\/informacionlocal.es\/de\/wp-json\/wp\/v2\/media\/7451"}],"wp:attachment":[{"href":"https:\/\/informacionlocal.es\/de\/wp-json\/wp\/v2\/media?parent=7455"}],"wp:term":[{"taxonomy":"category","embeddable":true,"href":"https:\/\/informacionlocal.es\/de\/wp-json\/wp\/v2\/categories?post=7455"},{"taxonomy":"post_tag","embeddable":true,"href":"https:\/\/informacionlocal.es\/de\/wp-json\/wp\/v2\/tags?post=7455"}],"curies":[{"name":"wp","href":"https:\/\/api.w.org\/{rel}","templated":true}]}}