{"id":7442,"date":"2025-07-14T12:58:28","date_gmt":"2025-07-14T11:58:28","guid":{"rendered":"https:\/\/informacionlocal.es\/antigua-entscheidet-sich-fuer-die-karnevalsallegorie-2026-kultur-und-orte-der-welt\/"},"modified":"2025-07-14T12:58:28","modified_gmt":"2025-07-14T11:58:28","slug":"antigua-entscheidet-sich-fuer-die-karnevalsallegorie-2026-kultur-und-orte-der-welt","status":"publish","type":"post","link":"https:\/\/informacionlocal.es\/de\/antigua-entscheidet-sich-fuer-die-karnevalsallegorie-2026-kultur-und-orte-der-welt\/","title":{"rendered":"Antigua entscheidet sich f\u00fcr die Karnevalsallegorie 2026 &#8222;Kultur und Orte der Welt&#8220;."},"content":{"rendered":"<div class=\"elementor-widget-container\">\n<p><strong>Antigua entscheidet sich f\u00fcr die Karnevalsallegorie 2026 &#8222;Kultur und Orte der Welt&#8220;.<\/strong><\/p>\n<p><strong>&#8211; Die Karnevalsgruppen haben auf der von der Abteilung f\u00fcr Festivit\u00e4ten einberufenen Sitzung beschlossen, den n\u00e4chsten Karneval von Antigua 2026 den Kulturen und Orten der Welt zu widmen.<\/strong><\/p>\n<p>Nach dem Treffen, das die Abteilung f\u00fcr Festlichkeiten der Stadtverwaltung von Antigua mit den Karnevalsgruppen und -kollektiven einberufen hat, um mit den Vorbereitungen f\u00fcr den n\u00e4chsten Karneval 2026 zu beginnen, wurde unter anderem die Allegorie beschlossen, die die Dekoration der B\u00fchnen, die Kost\u00fcme der Karnevalsgruppen und die Kost\u00fcme aller Teilnehmer motivieren wird.<\/p>\n<p>Die Allegorie, die im Konsens aller Teilnehmer des Treffens gew\u00e4hlt wurde, so der Stadtrat f\u00fcr Festlichkeiten, Pedro M. Armas Mart\u00edn, ist &#8218;Kulturen und Orte der Welt&#8216;, eine Allegorie, die zweifellos eine gro\u00dfe Vielfalt an Designs und Dekorationen erlaubt, was eine gro\u00dfe Kreativit\u00e4t f\u00fcr diese neue Ausgabe des Karnevals erm\u00f6glicht.<\/p>\n<p>Der B\u00fcrgermeister, Mat\u00edas Pe\u00f1a, begl\u00fcckw\u00fcnscht diese Wahl des Karnevalsmotivs, das aus acht von den Teilnehmern vorgeschlagenen Themen ausgew\u00e4hlt wurde. Ein Karnevalsmotto, das ich f\u00fcr sehr passend halte, sowohl wegen der vielen M\u00f6glichkeiten, die es bietet, als auch weil es unsere Gemeinde widerspiegelt, die ein Spiegelbild der Vielfalt ist, mit mehr als f\u00fcnfzig Kulturen, die in Antigua, den D\u00f6rfern und Caleta de Fuste koexistieren, f\u00fcgt der B\u00fcrgermeister hinzu und best\u00e4tigt die Identit\u00e4ten, Farben, den Reichtum und die Identit\u00e4ten, die in der Welt existieren. <\/p>\n<\/div>\n","protected":false},"excerpt":{"rendered":"<p><strong>Antigua entscheidet sich f\u00fcr die Karnevalsallegorie 2026 &#8222;Kultur und Orte der Welt&#8220;.<\/strong><\/p>\n","protected":false},"author":1,"featured_media":7439,"comment_status":"open","ping_status":"open","sticky":false,"template":"","format":"standard","meta":{"inline_featured_image":false,"jnews-multi-image_gallery":[],"jnews_single_post":[],"jnews_primary_category":[],"jnews_social_meta":[],"jnews_override_counter":[],"jnews_post_split":[],"footnotes":""},"categories":[283],"tags":[],"class_list":["post-7442","post","type-post","status-publish","format-standard","has-post-thumbnail","hentry","category-antigua-de"],"jetpack_featured_media_url":"https:\/\/informacionlocal.es\/wp-content\/uploads\/2025\/07\/0-coso-carnaval-caleta-de-fuste-2.jpg","_links":{"self":[{"href":"https:\/\/informacionlocal.es\/de\/wp-json\/wp\/v2\/posts\/7442","targetHints":{"allow":["GET"]}}],"collection":[{"href":"https:\/\/informacionlocal.es\/de\/wp-json\/wp\/v2\/posts"}],"about":[{"href":"https:\/\/informacionlocal.es\/de\/wp-json\/wp\/v2\/types\/post"}],"author":[{"embeddable":true,"href":"https:\/\/informacionlocal.es\/de\/wp-json\/wp\/v2\/users\/1"}],"replies":[{"embeddable":true,"href":"https:\/\/informacionlocal.es\/de\/wp-json\/wp\/v2\/comments?post=7442"}],"version-history":[{"count":0,"href":"https:\/\/informacionlocal.es\/de\/wp-json\/wp\/v2\/posts\/7442\/revisions"}],"wp:featuredmedia":[{"embeddable":true,"href":"https:\/\/informacionlocal.es\/de\/wp-json\/wp\/v2\/media\/7439"}],"wp:attachment":[{"href":"https:\/\/informacionlocal.es\/de\/wp-json\/wp\/v2\/media?parent=7442"}],"wp:term":[{"taxonomy":"category","embeddable":true,"href":"https:\/\/informacionlocal.es\/de\/wp-json\/wp\/v2\/categories?post=7442"},{"taxonomy":"post_tag","embeddable":true,"href":"https:\/\/informacionlocal.es\/de\/wp-json\/wp\/v2\/tags?post=7442"}],"curies":[{"name":"wp","href":"https:\/\/api.w.org\/{rel}","templated":true}]}}