{"id":7431,"date":"2025-07-14T11:58:25","date_gmt":"2025-07-14T10:58:25","guid":{"rendered":"https:\/\/informacionlocal.es\/das-cabildo-gewaehrt-fast-90-000-euro-zur-unterstuetzung-von-schuelern-mit-besonderen-beduerfnissen\/"},"modified":"2025-07-14T11:58:25","modified_gmt":"2025-07-14T10:58:25","slug":"das-cabildo-gewaehrt-fast-90-000-euro-zur-unterstuetzung-von-schuelern-mit-besonderen-beduerfnissen","status":"publish","type":"post","link":"https:\/\/informacionlocal.es\/de\/das-cabildo-gewaehrt-fast-90-000-euro-zur-unterstuetzung-von-schuelern-mit-besonderen-beduerfnissen\/","title":{"rendered":"Das Cabildo gew\u00e4hrt fast 90.000 Euro zur Unterst\u00fctzung von Sch\u00fclern mit besonderen Bed\u00fcrfnissen"},"content":{"rendered":"<div class=\"entry-content\"><strong>14. Juli, 2025<\/strong><\/p>\n<p><em><strong>Zum ersten Mal gew\u00e4hrt das regionale Bildungsministerium diese Subventionslinie, um den Anforderungen der Bildungsgemeinschaft im Hinblick auf Sch\u00fcler mit besonderem p\u00e4dagogischen F\u00f6rderbedarf (SEN) gerecht zu werden.<\/strong><\/em><\/p>\n<p>Das Cabildo de Fuerteventura hat \u00fcber seine Bildungsabteilung fast 90.000 Euro an Stipendien zur Unterst\u00fctzung von Sch\u00fclern mit besonderen Bed\u00fcrfnissen auf der Insel vergeben. Laut der Pr\u00e4sidentin der Insel, Lola Garc\u00eda, handelt es sich dabei um eine neue Linie von Beihilfen, die &#8222;zum ersten Mal vom Cabildo de Fuerteventura gew\u00e4hrt werden und von wesentlicher Bedeutung sind, um die Bed\u00fcrfnisse und Anforderungen der Bildungsgemeinschaft in Bezug auf die Betreuung von Sch\u00fclern mit besonderem p\u00e4dagogischen Unterst\u00fctzungsbedarf (SEN) aufgrund einer Behinderung zu erf\u00fcllen&#8220;. <\/p>\n<p>Der Regionalminister f\u00fcr Bildung, Adargoma Hern\u00e1ndez, weist darauf hin, dass &#8222;das Ziel darin besteht, die Schulen finanziell zu unterst\u00fctzen, damit sie eingreifen und auf die Bed\u00fcrfnisse der Sch\u00fcler eingehen k\u00f6nnen&#8220;.<\/p>\n<p>Auf diese Weise, so Hern\u00e1ndez weiter, zielt die Beihilfe darauf ab, Material zur Optimierung des Lernens zu erwerben oder Dienstleistungen f\u00fcr die ordnungsgem\u00e4\u00dfe Ausbildung der Sch\u00fcler sowie au\u00dferschulische Aktivit\u00e4ten, Transport und Zugang zum Zentrum zu bezahlen.<\/p>\n<p>Im Rahmen der Subventionspolitik des Cabildo de Fuerteventura f\u00fcr den Bildungsbereich, so Hern\u00e1ndez weiter, &#8222;gibt es zus\u00e4tzlich zu diesen Subventionen einen Aufruf f\u00fcr allgemeine Subventionen zur Unterst\u00fctzung von Bildungsprojekten, die von Schulen, Vereinen und Elternverb\u00e4nden gef\u00f6rdert werden, f\u00fcr die die Frist f\u00fcr die Einreichung von Antr\u00e4gen am 11. Juli endete&#8220;. Die Beg\u00fcnstigten erhalten Zusch\u00fcsse von bis zu 4.000 Euro pro Vorschlag. Alle Informationen k\u00f6nnen in der Rubrik Beihilfen, Zusch\u00fcsse und Stipendien auf der Website cabildofuer.es (https:\/\/www.cabildofuer.es\/cabildo\/atencion-al-ciudadano\/ayudas-becas-y-subvenciones\/) eingesehen werden.  <\/p>\n<p><\/p>\n<\/div>\n","protected":false},"excerpt":{"rendered":"<p>14. Juli, 2025 Zum ersten Mal gew\u00e4hrt das regionale Bildungsministerium diese Subventionslinie, um den Anforderungen der Bildungsgemeinschaft im Hinblick auf Sch\u00fcler mit besonderem p\u00e4dagogischen F\u00f6rderbedarf (SEN) gerecht zu werden. Das [&hellip;]<\/p>\n","protected":false},"author":1,"featured_media":7427,"comment_status":"open","ping_status":"open","sticky":false,"template":"","format":"standard","meta":{"inline_featured_image":false,"jnews-multi-image_gallery":[],"jnews_single_post":[],"jnews_primary_category":[],"jnews_social_meta":[],"jnews_override_counter":[],"jnews_post_split":[],"footnotes":""},"categories":[287],"tags":[306,216],"class_list":["post-7431","post","type-post","status-publish","format-standard","has-post-thumbnail","hentry","category-cabildo-de","tag-educacion-de","tag-fuerteventura-de"],"jetpack_featured_media_url":"https:\/\/informacionlocal.es\/wp-content\/uploads\/2025\/07\/deee.jpeg","_links":{"self":[{"href":"https:\/\/informacionlocal.es\/de\/wp-json\/wp\/v2\/posts\/7431","targetHints":{"allow":["GET"]}}],"collection":[{"href":"https:\/\/informacionlocal.es\/de\/wp-json\/wp\/v2\/posts"}],"about":[{"href":"https:\/\/informacionlocal.es\/de\/wp-json\/wp\/v2\/types\/post"}],"author":[{"embeddable":true,"href":"https:\/\/informacionlocal.es\/de\/wp-json\/wp\/v2\/users\/1"}],"replies":[{"embeddable":true,"href":"https:\/\/informacionlocal.es\/de\/wp-json\/wp\/v2\/comments?post=7431"}],"version-history":[{"count":0,"href":"https:\/\/informacionlocal.es\/de\/wp-json\/wp\/v2\/posts\/7431\/revisions"}],"wp:featuredmedia":[{"embeddable":true,"href":"https:\/\/informacionlocal.es\/de\/wp-json\/wp\/v2\/media\/7427"}],"wp:attachment":[{"href":"https:\/\/informacionlocal.es\/de\/wp-json\/wp\/v2\/media?parent=7431"}],"wp:term":[{"taxonomy":"category","embeddable":true,"href":"https:\/\/informacionlocal.es\/de\/wp-json\/wp\/v2\/categories?post=7431"},{"taxonomy":"post_tag","embeddable":true,"href":"https:\/\/informacionlocal.es\/de\/wp-json\/wp\/v2\/tags?post=7431"}],"curies":[{"name":"wp","href":"https:\/\/api.w.org\/{rel}","templated":true}]}}