{"id":7418,"date":"2025-07-12T14:58:44","date_gmt":"2025-07-12T13:58:44","guid":{"rendered":"https:\/\/informacionlocal.es\/isai-blanco-stellt-klar-dass-das-projekt-fuer-den-fussgaengerweg-in-corralejo-mit-positiven-technischen-berichten-und-delegierten-befugnissen-durchgefuehrt-wurde\/"},"modified":"2025-07-12T14:58:44","modified_gmt":"2025-07-12T13:58:44","slug":"isai-blanco-stellt-klar-dass-das-projekt-fuer-den-fussgaengerweg-in-corralejo-mit-positiven-technischen-berichten-und-delegierten-befugnissen-durchgefuehrt-wurde","status":"publish","type":"post","link":"https:\/\/informacionlocal.es\/de\/isai-blanco-stellt-klar-dass-das-projekt-fuer-den-fussgaengerweg-in-corralejo-mit-positiven-technischen-berichten-und-delegierten-befugnissen-durchgefuehrt-wurde\/","title":{"rendered":"Isa\u00ed Blanco stellt klar, dass das Projekt f\u00fcr den Fu\u00dfg\u00e4ngerweg in Corralejo mit positiven technischen Berichten und delegierten Befugnissen durchgef\u00fchrt wurde."},"content":{"rendered":"<p>In Anbetracht der j\u00fcngsten Ver\u00f6ffentlichung von Informationen, die sich auf eine Beschwerde wegen angeblicher Ausfl\u00fcchte im Zusammenhang mit der Ausf\u00fchrung des Fu\u00dfg\u00e4ngerwegs in Corralejo beziehen, m\u00f6chte Isa\u00ed Blanco der \u00d6ffentlichkeit eine ruhige und rigorose Kl\u00e4rung des Sachverhalts mitteilen.<\/p>\n<p>Erstens weist die Stadtverwaltung darauf hin, dass die Ma\u00dfnahme durch positive technische Gutachten unterst\u00fctzt wurde, die von qualifizierten Fachleuten im Rahmen eines geregelten Verwaltungsverfahrens erstellt wurden. Das Projekt wurde von st\u00e4dtischen Technikern ausgearbeitet, und die zust\u00e4ndigen politischen Gremien haben lediglich seine Ausf\u00fchrung gem\u00e4\u00df diesen Berichten gef\u00f6rdert. Wie in den geltenden Vorschriften vorgesehen, greifen die politischen Entscheidungstr\u00e4ger weder in die Ausarbeitung dieser Dokumente ein, noch k\u00f6nnen sie sie \u00e4ndern oder beeinflussen.  <\/p>\n<p>Ebenso wurde die Akte vollst\u00e4ndig von der Abteilung f\u00fcr Stadtplanung bearbeitet, die \u00fcber Befugnisse verf\u00fcgt, die ihr von der Stadtverordnetenversammlung \u00fcbertragen wurden, so dass alle Ma\u00dfnahmen innerhalb des f\u00fcr diese F\u00e4lle vorgesehenen Rechtsrahmens erfolgten.  <\/p>\n<p>In Bezug auf die Eigentumsverh\u00e4ltnisse an den Grundst\u00fccken weist der Stadtrat darauf hin, dass das Fehlen aktueller Katasterdaten an sich noch keine Rechtswidrigkeit bedeutet und dass die zur Gew\u00e4hrleistung der Rechte der Nachbarn vorgesehenen Mechanismen jederzeit eingehalten wurden, einschlie\u00dflich der M\u00f6glichkeit, Behauptungen aufzustellen und gegen Verwaltungsakte vorzugehen. In der Tat konnte jede Person mit einem berechtigten Interesse die Akte einsehen oder sich an das Konsistorium wenden, um Informationen zu erhalten. <\/p>\n<p>Der B\u00fcrgermeister von La Oliva, Isa\u00ed Blanco, wollte den Einwohnern eine Botschaft der Ruhe \u00fcbermitteln: &#8222;Wir haben volles Vertrauen in die Arbeit der technischen und administrativen Bereiche. Seit wir an der Regierung sind, hat dieses Rathaus immer transparent gehandelt und sich um das allgemeine Interesse der Gemeinde bem\u00fcht. Wir werden weiterhin mit der Justiz zusammenarbeiten, wie wir es immer getan haben&#8220;, erkl\u00e4rte er.  <\/p>\n<p>Schlie\u00dflich bekr\u00e4ftigt der Stadtrat seine Bereitschaft, mit den Justizbeh\u00f6rden zusammenzuarbeiten, um jeden Aspekt des Verfahrens zu kl\u00e4ren, in der Hoffnung, dass die strenge Analyse des Sachverhalts zeigen wird, dass keine Unregelm\u00e4\u00dfigkeiten oder die Absicht, Privatpersonen zu beg\u00fcnstigen, vorgelegen haben.  <\/p>\n<p>Der Fu\u00dfg\u00e4ngerweg in Corralejo ist Teil einer umfassenderen Strategie zur Verbesserung der Zug\u00e4nglichkeit, der Mobilit\u00e4t und des Vergn\u00fcgens an der K\u00fcste f\u00fcr Einwohner und Besucher im Einklang mit den Zielen der st\u00e4dtischen Nachhaltigkeit dieses Unternehmens.<\/p>\n","protected":false},"excerpt":{"rendered":"<p><span>Der Stadtrat bekr\u00e4ftigt seine Zusammenarbeit mit der Justiz und bedauert die Verwirrung, die durch die Beschwerde \u00fcber die Gestaltung der K\u00fcstenpromenade entstanden ist.<\/span><\/p>\n","protected":false},"author":1,"featured_media":7415,"comment_status":"open","ping_status":"open","sticky":false,"template":"","format":"standard","meta":{"inline_featured_image":false,"jnews-multi-image_gallery":[],"jnews_single_post":[],"jnews_primary_category":[],"jnews_social_meta":[],"jnews_override_counter":[],"jnews_post_split":[],"footnotes":""},"categories":[291],"tags":[],"class_list":["post-7418","post","type-post","status-publish","format-standard","has-post-thumbnail","hentry","category-la-oliva-de"],"jetpack_featured_media_url":"https:\/\/informacionlocal.es\/wp-content\/uploads\/2025\/07\/5222_7493d3b4.png","_links":{"self":[{"href":"https:\/\/informacionlocal.es\/de\/wp-json\/wp\/v2\/posts\/7418","targetHints":{"allow":["GET"]}}],"collection":[{"href":"https:\/\/informacionlocal.es\/de\/wp-json\/wp\/v2\/posts"}],"about":[{"href":"https:\/\/informacionlocal.es\/de\/wp-json\/wp\/v2\/types\/post"}],"author":[{"embeddable":true,"href":"https:\/\/informacionlocal.es\/de\/wp-json\/wp\/v2\/users\/1"}],"replies":[{"embeddable":true,"href":"https:\/\/informacionlocal.es\/de\/wp-json\/wp\/v2\/comments?post=7418"}],"version-history":[{"count":0,"href":"https:\/\/informacionlocal.es\/de\/wp-json\/wp\/v2\/posts\/7418\/revisions"}],"wp:featuredmedia":[{"embeddable":true,"href":"https:\/\/informacionlocal.es\/de\/wp-json\/wp\/v2\/media\/7415"}],"wp:attachment":[{"href":"https:\/\/informacionlocal.es\/de\/wp-json\/wp\/v2\/media?parent=7418"}],"wp:term":[{"taxonomy":"category","embeddable":true,"href":"https:\/\/informacionlocal.es\/de\/wp-json\/wp\/v2\/categories?post=7418"},{"taxonomy":"post_tag","embeddable":true,"href":"https:\/\/informacionlocal.es\/de\/wp-json\/wp\/v2\/tags?post=7418"}],"curies":[{"name":"wp","href":"https:\/\/api.w.org\/{rel}","templated":true}]}}