{"id":7405,"date":"2025-07-11T23:00:07","date_gmt":"2025-07-11T22:00:07","guid":{"rendered":"https:\/\/informacionlocal.es\/puerto-del-rosario-bietet-sein-sommer-und-sportcamp-2025-fuer-jungen-und-maedchen-im-alter-von-6-bis-12-jahren-an\/"},"modified":"2025-07-11T23:00:07","modified_gmt":"2025-07-11T22:00:07","slug":"puerto-del-rosario-bietet-sein-sommer-und-sportcamp-2025-fuer-jungen-und-maedchen-im-alter-von-6-bis-12-jahren-an","status":"publish","type":"post","link":"https:\/\/informacionlocal.es\/de\/puerto-del-rosario-bietet-sein-sommer-und-sportcamp-2025-fuer-jungen-und-maedchen-im-alter-von-6-bis-12-jahren-an\/","title":{"rendered":"Puerto del Rosario bietet sein Sommer- und Sportcamp 2025 f\u00fcr Jungen und M\u00e4dchen im Alter von 6 bis 12 Jahren an."},"content":{"rendered":"<div class=\"entry-content\">\n<p>Am Montag, den 14. Juli, beginnt das <strong>Sommer- und Sportcamp 2025<\/strong>, eine Initiative, die von der <strong>Stadtverwaltung von Puerto del Rosario \u00fcber die Sportabteilung<\/strong> gef\u00f6rdert wird. Dieser Vorschlag zielt darauf ab, die Vereinbarkeit von Familie und Beruf w\u00e4hrend der Sommermonate zu erleichtern und gleichzeitig Kindern zwischen 6 und 12 Jahren ein sicheres, lehrreiches und spielerisches Umfeld f\u00fcr ihre Entwicklung zu bieten. <\/p>\n<p>Bei der feierlichen \u00dcbergabe am Donnerstagmorgen, 10. Juli, betonten der <strong>B\u00fcrgermeister von Puerto del Rosario, David de Vera<\/strong>, der <strong>Stadtrat f\u00fcr Sport, Luis Chac\u00f3n<\/strong>, und der <strong>Gesch\u00e4ftsf\u00fchrer des beauftragten Unternehmens<\/strong>, Adasat Alonso, im Namen von <strong>GRUPO TAFOR CANARIAS SLU<\/strong> die Bedeutung dieser Art von Initiative f\u00fcr Kinder und das feste Engagement der Stadtverwaltung f\u00fcr Qualit\u00e4t und Sicherheit bei der Entwicklung von Kinderaktivit\u00e4ten.<\/p>\n<h3>Auszeichnung des Dienstes<\/h3>\n<p>Der Auftrag mit dem Titel <em>&#8222;Management Service des Sommer- und Sportcamps 2025 der Gemeinde Puerto del Rosario&#8220;<\/em> wurde an das Unternehmen <strong>GRUPO TAFOR CANARIAS SLU<\/strong> (CIF: B76619055) f\u00fcr einen Betrag von <strong>36.379,28 \u20ac<\/strong> vergeben, der zu Lasten des Haushaltsantrags <strong>28\/34000\/22612 &#8211; Sportschulen<\/strong> geht.<\/p>\n<p>Die Stadtverwaltung hat \u00fcber das Sportamt intensiv an der Planung des Camps gearbeitet und das Zulassungs- und Anmeldeverfahren f\u00fcr die Monate Juli und August koordiniert. Alle angemeldeten Familien wurden bereits benachrichtigt und stehen auf der endg\u00fcltigen Liste der zugelassenen Personen. In \u00dcbereinstimmung mit der geltenden Steuerverordnung wurde eine <strong>Anmeldegeb\u00fchr von 90 \u20ac<\/strong> festgelegt, um das Einschreibeverfahren abzuschlie\u00dfen.  <\/p>\n<h3>Informationsveranstaltung f\u00fcr Familien<\/h3>\n<p>Um alle notwendigen Informationen \u00fcber die Entwicklung des Camps zu erhalten, sind die Familien zu einer <strong>Informationsveranstaltung am Freitag, den 11. Juli um 18:00 Uhr<\/strong> im <strong>Gemeindepavillon der Oase<\/strong> eingeladen. W\u00e4hrend des Treffens wird es eine F\u00fchrung durch die Einrichtungen geben und eventuelle Zweifel werden ausger\u00e4umt. <\/p>\n<h3>Einrichtungen und Aktivit\u00e4ten<\/h3>\n<p>Das Camp findet zwischen dem <strong>14. Juli und dem 30. August 2025<\/strong>, von <strong>07:30 bis 15:15 Uhr<\/strong>, in verschiedenen Einrichtungen der Gemeinde statt:<\/p>\n<ul>\n<li><strong>St\u00e4dtisches Stadion von Los Pozos<\/strong>: Aktivit\u00e4ten im Freien und in der Halle.<\/li>\n<li><strong>Oasis Municipal Pavilion<\/strong>: Sportliche Aktivit\u00e4ten in der Halle.<\/li>\n<li><strong>Terrero de Lucha Puerto de Cabras<\/strong>: Traditionelle Spiele und landschaftliche Aktivit\u00e4ten.<\/li>\n<li><strong>Strand Los Pozos und Biblio-playa<\/strong>: Freizeit-, Bildungs- und Lesef\u00f6rderungsaktivit\u00e4ten.<\/li>\n<li><strong>Einrichtungen in Las Granadas<\/strong>: Sportarten wie Tennis und Paddle-Tennis.<\/li>\n<\/ul>\n<h3>Erg\u00e4nzende Dienstleistungen<\/h3>\n<ul>\n<li><strong>Speisesaal:<\/strong> von 13:30 bis 14:30 Uhr<\/li>\n<li><strong>Aufenthalt:<\/strong> von 14:30 bis 15:15 Uhr (zur Unterst\u00fctzung der Vereinbarkeit von Familie und Beruf).<\/li>\n<\/ul>\n<h3>T\u00e4glicher Zeitplan<\/h3>\n<table>\n<thead>\n<tr>\n<td><strong>Dienstleistung<\/strong><\/td>\n<td><strong>\u00d6ffnungszeit<\/strong><\/td>\n<\/tr>\n<\/thead>\n<tbody>\n<tr>\n<td>Fr\u00fche Rezeption<\/td>\n<td>07:45 &#8211; 08:30 h<\/td>\n<\/tr>\n<tr>\n<td>Workshops und Aktivit\u00e4ten<\/td>\n<td>08:30 &#8211; 13:30 h<\/td>\n<\/tr>\n<tr>\n<td>Speisesaal<\/td>\n<td>13:30 &#8211; 14:30 h<\/td>\n<\/tr>\n<tr>\n<td>Dauerhaftigkeit<\/td>\n<td>14:30 &#8211; 15:15 h<\/td>\n<\/tr>\n<tr>\n<td> <\/td>\n<\/tr>\n<\/tbody>\n<\/table>\n<h3>Ein Engagement f\u00fcr den Sport<\/h3>\n<p>Das <strong>Sommercamp und Sport 2025<\/strong> ist ein st\u00e4dtisches Camp, das sich auf die pers\u00f6nliche Entwicklung, die k\u00f6rperliche Aktivit\u00e4t und die p\u00e4dagogische Entwicklung von Kindern w\u00e4hrend der Schulferien konzentriert. Durch diese Initiative werden Werte wie Koexistenz, Respekt, Kreativit\u00e4t und Bildung in einem dynamischen und sicheren Umfeld gef\u00f6rdert. <\/p>\n<p>Die Stadtverwaltung bedankt sich f\u00fcr die Zusammenarbeit und das Vertrauen der teilnehmenden Familien und bekr\u00e4ftigt ihr Engagement f\u00fcr die F\u00f6rderung von Sport, Bildung und der Vereinbarkeit von Beruf und Familie in Puerto del Rosario.<\/p>\n<\/div>\n","protected":false},"excerpt":{"rendered":"<p>Am Montag, den 14. Juli, beginnt das Sommer- und Sportcamp 2025, eine Initiative, die von der Stadtverwaltung von Puerto del Rosario \u00fcber die Sportabteilung gef\u00f6rdert wird. Dieser Vorschlag zielt darauf [&hellip;]<\/p>\n","protected":false},"author":1,"featured_media":7403,"comment_status":"open","ping_status":"open","sticky":false,"template":"","format":"standard","meta":{"inline_featured_image":false,"jnews-multi-image_gallery":[],"jnews_single_post":[],"jnews_primary_category":[],"jnews_social_meta":[],"jnews_override_counter":[],"jnews_post_split":[],"footnotes":""},"categories":[293],"tags":[306],"class_list":["post-7405","post","type-post","status-publish","format-standard","has-post-thumbnail","hentry","category-puerto-del-rosario-de","tag-educacion-de"],"jetpack_featured_media_url":"https:\/\/informacionlocal.es\/wp-content\/uploads\/2025\/07\/campamento-titu-deportes-0725.jpg","_links":{"self":[{"href":"https:\/\/informacionlocal.es\/de\/wp-json\/wp\/v2\/posts\/7405","targetHints":{"allow":["GET"]}}],"collection":[{"href":"https:\/\/informacionlocal.es\/de\/wp-json\/wp\/v2\/posts"}],"about":[{"href":"https:\/\/informacionlocal.es\/de\/wp-json\/wp\/v2\/types\/post"}],"author":[{"embeddable":true,"href":"https:\/\/informacionlocal.es\/de\/wp-json\/wp\/v2\/users\/1"}],"replies":[{"embeddable":true,"href":"https:\/\/informacionlocal.es\/de\/wp-json\/wp\/v2\/comments?post=7405"}],"version-history":[{"count":0,"href":"https:\/\/informacionlocal.es\/de\/wp-json\/wp\/v2\/posts\/7405\/revisions"}],"wp:featuredmedia":[{"embeddable":true,"href":"https:\/\/informacionlocal.es\/de\/wp-json\/wp\/v2\/media\/7403"}],"wp:attachment":[{"href":"https:\/\/informacionlocal.es\/de\/wp-json\/wp\/v2\/media?parent=7405"}],"wp:term":[{"taxonomy":"category","embeddable":true,"href":"https:\/\/informacionlocal.es\/de\/wp-json\/wp\/v2\/categories?post=7405"},{"taxonomy":"post_tag","embeddable":true,"href":"https:\/\/informacionlocal.es\/de\/wp-json\/wp\/v2\/tags?post=7405"}],"curies":[{"name":"wp","href":"https:\/\/api.w.org\/{rel}","templated":true}]}}