{"id":7395,"date":"2025-07-11T22:05:37","date_gmt":"2025-07-11T21:05:37","guid":{"rendered":"https:\/\/informacionlocal.es\/der-stadtrat-hat-die-frist-fuer-die-einreichung-von-behauptungen-zum-katalog-zum-schutz-des-kulturerbes-und-der-kulturgueter-bis-montag-14-juli-verlaengert\/"},"modified":"2025-07-11T22:05:37","modified_gmt":"2025-07-11T21:05:37","slug":"der-stadtrat-hat-die-frist-fuer-die-einreichung-von-behauptungen-zum-katalog-zum-schutz-des-kulturerbes-und-der-kulturgueter-bis-montag-14-juli-verlaengert","status":"publish","type":"post","link":"https:\/\/informacionlocal.es\/de\/der-stadtrat-hat-die-frist-fuer-die-einreichung-von-behauptungen-zum-katalog-zum-schutz-des-kulturerbes-und-der-kulturgueter-bis-montag-14-juli-verlaengert\/","title":{"rendered":"Der Stadtrat hat die Frist f\u00fcr die Einreichung von Behauptungen zum Katalog zum Schutz des Kulturerbes und der Kulturg\u00fcter bis Montag, 14. Juli, verl\u00e4ngert."},"content":{"rendered":"<div class=\"entry-content\">\n<p>Die Stadtverwaltung von Puerto del Rosario informiert \u00fcber die <strong>Verl\u00e4ngerung der Frist f\u00fcr die Einreichung von Behauptungen<\/strong> zum <strong>Katalog zum Schutz des Kulturerbes und der Kulturg\u00fcter der Gemeinde<\/strong>, der urspr\u00fcnglich im Juni letzten Jahres genehmigt und im Amtsblatt der Kanarischen Inseln (BOC) ver\u00f6ffentlicht wurde.<\/p>\n<p>Die neue Frist f\u00fcr Behauptungen wird <strong>bis Montag, den 14. Juli (einschlie\u00dflich)<\/strong> verl\u00e4ngert, da Sonntag, der 13. Juli, gem\u00e4\u00df den Bestimmungen des Verwaltungsverfahrensgesetzes als arbeitsfreier Tag gilt.<\/p>\n<p>Zur Einsichtnahme in die Dokumentation und zur Erhebung von Vorw\u00fcrfen k\u00f6nnen Interessenten das <strong>offizielle Webportal des Katalogs<\/strong> aufrufen: catalogo.puertodelrosario.org<\/p>\n<\/div>\n","protected":false},"excerpt":{"rendered":"<p>Die Stadtverwaltung von Puerto del Rosario informiert \u00fcber die Verl\u00e4ngerung der Frist f\u00fcr die Einreichung von Behauptungen zum Katalog zum Schutz des Kulturerbes und der Kulturg\u00fcter der Gemeinde, der urspr\u00fcnglich [&hellip;]<\/p>\n","protected":false},"author":1,"featured_media":7391,"comment_status":"open","ping_status":"open","sticky":false,"template":"","format":"standard","meta":{"inline_featured_image":false,"jnews-multi-image_gallery":[],"jnews_single_post":[],"jnews_primary_category":[],"jnews_social_meta":[],"jnews_override_counter":[],"jnews_post_split":[],"footnotes":""},"categories":[293],"tags":[],"class_list":["post-7395","post","type-post","status-publish","format-standard","has-post-thumbnail","hentry","category-puerto-del-rosario-de"],"jetpack_featured_media_url":"https:\/\/informacionlocal.es\/wp-content\/uploads\/2025\/07\/catalogo-titu-ampliacion-plazo-140725.jpg","_links":{"self":[{"href":"https:\/\/informacionlocal.es\/de\/wp-json\/wp\/v2\/posts\/7395","targetHints":{"allow":["GET"]}}],"collection":[{"href":"https:\/\/informacionlocal.es\/de\/wp-json\/wp\/v2\/posts"}],"about":[{"href":"https:\/\/informacionlocal.es\/de\/wp-json\/wp\/v2\/types\/post"}],"author":[{"embeddable":true,"href":"https:\/\/informacionlocal.es\/de\/wp-json\/wp\/v2\/users\/1"}],"replies":[{"embeddable":true,"href":"https:\/\/informacionlocal.es\/de\/wp-json\/wp\/v2\/comments?post=7395"}],"version-history":[{"count":0,"href":"https:\/\/informacionlocal.es\/de\/wp-json\/wp\/v2\/posts\/7395\/revisions"}],"wp:featuredmedia":[{"embeddable":true,"href":"https:\/\/informacionlocal.es\/de\/wp-json\/wp\/v2\/media\/7391"}],"wp:attachment":[{"href":"https:\/\/informacionlocal.es\/de\/wp-json\/wp\/v2\/media?parent=7395"}],"wp:term":[{"taxonomy":"category","embeddable":true,"href":"https:\/\/informacionlocal.es\/de\/wp-json\/wp\/v2\/categories?post=7395"},{"taxonomy":"post_tag","embeddable":true,"href":"https:\/\/informacionlocal.es\/de\/wp-json\/wp\/v2\/tags?post=7395"}],"curies":[{"name":"wp","href":"https:\/\/api.w.org\/{rel}","templated":true}]}}