{"id":7382,"date":"2025-07-11T21:02:13","date_gmt":"2025-07-11T20:02:13","guid":{"rendered":"https:\/\/informacionlocal.es\/die-regierung-der-kanarischen-inseln-und-der-inselrat-von-fuerteventura-treffen-sich-mit-den-fischergilden-um-ueber-die-verbesserung-ihrer-einrichtungen-zu-diskutieren\/"},"modified":"2025-07-11T21:02:13","modified_gmt":"2025-07-11T20:02:13","slug":"die-regierung-der-kanarischen-inseln-und-der-inselrat-von-fuerteventura-treffen-sich-mit-den-fischergilden-um-ueber-die-verbesserung-ihrer-einrichtungen-zu-diskutieren","status":"publish","type":"post","link":"https:\/\/informacionlocal.es\/de\/die-regierung-der-kanarischen-inseln-und-der-inselrat-von-fuerteventura-treffen-sich-mit-den-fischergilden-um-ueber-die-verbesserung-ihrer-einrichtungen-zu-diskutieren\/","title":{"rendered":"Die Regierung der Kanarischen Inseln und der Inselrat von Fuerteventura treffen sich mit den Fischergilden, um \u00fcber die Verbesserung ihrer Einrichtungen zu diskutieren."},"content":{"rendered":"<div class=\"entry-content\"><strong>11. Juli, 2025<\/strong><\/p>\n<p><strong>Der Generaldirektor der Fischereibeh\u00f6rde und der Pr\u00e4sident der Inselgesellschaft trafen sich heute mit Vertretern der drei Fischergilden der Insel, um die Situation des Sektors in der laufenden Kampagne sowie die Arbeiten zur Verbesserung der Fischereiinfrastrukturen zu besprechen.<\/strong><\/p>\n<p>Der Generaldirektor<br \/>\nder Fischereibeh\u00f6rde der Kanarischen Regierung, Esteban Reyes, und die Pr\u00e4sidentin des Cabildo<br \/>\nvon Fuerteventura, Lola Garc\u00eda, trafen sich heute, Donnerstag, den 10. Juli,<br \/>\nmit den drei Fischergilden der Insel<br \/>\n&#8211; Corralejo, Gran Tarajal und Morro Jable -, um die Bed\u00fcrfnisse des<br \/>\nSektors zu er\u00f6rtern und die Durchf\u00fchrung einer Reihe von Ma\u00dfnahmen zur Verbesserung ihrer<br \/>\nEinrichtungen zu planen. Vertreter der<br \/>\nStadtverwaltungen von La Oliva, Tuineje und P\u00e1jara, den Gemeinden, in denen<br \/>\nsich diese Einrichtungen befinden, nahmen ebenfalls an diesen Treffen teil. <\/p>\n<p>In diesem Zusammenhang unterstrich<br \/>\nReyes &#8222;die Bedeutung der verwaltungs\u00fcbergreifenden Zusammenarbeit und des<br \/>\ndirekten Dialogs mit den Fischerverb\u00e4nden, um aus erster Hand die Bed\u00fcrfnisse der Fachleute dieses Sektors zu erfahren und ihnen durch Aktionen zur Verbesserung der Infrastrukturen oder<br \/>\nandere zus\u00e4tzliche Ma\u00dfnahmen, die zur Erhaltung und Entwicklung der Fischereit\u00e4tigkeit auf den Kanarischen Inseln beitragen, wirksame Unterst\u00fctzung bieten zu k\u00f6nnen<br \/>\n&#8222;.<\/p>\n<p>\nLola<br \/>\nGarc\u00eda betonte ihrerseits, dass &#8222;wir vom Cabildo von Fuerteventura immer auf der Seite der Fachleute der traditionellen Fischerei auf Fuerteventura stehen.<br \/>\nAus diesem Grund ist<br \/>\nder Schl\u00fcssel zu dieser Art von Koordinierungstreffen zwischen den Beh\u00f6rden und den<br \/>\ncofrad\u00edas, um die Anforderungen an die Infrastrukturen zu erf\u00fcllen, damit<br \/>\neine traditionelle Praxis beg\u00fcnstigt, die auch eine der am tiefsten verwurzelten wirtschaftlichen Aktivit\u00e4ten auf Fuerteventura ist&#8220;. <\/p>\n<p>In der ersten<br \/>\nSitzung des Tages mit den Vertretern der Fischerzunft von<br \/>\nCorralejo wurden die Asphaltierungsarbeiten im Fischereigebiet<br \/>\nvon El Cotillo sowie die \u00dcberpr\u00fcfung des Zustands der Pontons in diesem Gebiet<br \/>\nHafen, die vor kurzem von der Generaldirektion f\u00fcr Fischerei und H\u00e4fen der Kanarischen Inseln<br \/>\nverbessert wurden, geplant.  <\/p>\n<p>Auf dem Treffen<br \/>\nmit der Fischerzunft von Gran Tarajal wurde vereinbart,<br \/>\ndas Hauptgeb\u00e4ude am Sitz dieser Organisation zu erweitern, um die Fischlieferwagen von<br \/>\nunterzubringen und auf diese Weise eine Vermarktungsfl\u00e4che auf<br \/>\nfreizumachen, eine Ma\u00dfnahme, die von der kanarischen Regierung durchgef\u00fchrt wird.<\/p>\n<p>\nSchlie\u00dflich haben die Mitglieder der Fischerzunft von Morro Jable gemeinsam mit<br \/>\ndas<br \/>\nErgebnis der von der Regionalregierung in Zusammenarbeit mit der Stadtverwaltung von P\u00e1jara durchgef\u00fchrten Dachdeckerarbeiten in einem Fischtransitbereich<br \/>\n\u00fcberpr\u00fcft, um den Fischern die t\u00e4gliche Arbeit zu erleichtern und sie<br \/>\nbequemer zu machen, sowie die Verbesserungen an der elektrischen Anlage.  <\/p>\n<p>Neben den entsprechenden<br \/>\nMa\u00dfnahmen in den Infrastrukturen der einzelnen Fischereiverb\u00e4nde wurden im Laufe des Tages<br \/>\nauch andere Themen er\u00f6rtert, die f\u00fcr den Sektor auf der Insel von Interesse sind, wie z.B.<br \/>\nder Stand der F\u00e4nge in der laufenden Kampagne im Vergleich zur vorangegangenen, sowohl<br \/>\nbei Thunfisch als auch bei anderen Arten; die Situation der Reeder und<br \/>\nSeeleute oder die Vereinbarung \u00fcber die Verlegung von H\u00e4fen, neben anderen Themen.  <\/p>\n<\/div>\n","protected":false},"excerpt":{"rendered":"<p>11. Juli, 2025 Der Generaldirektor der Fischereibeh\u00f6rde und der Pr\u00e4sident der Inselgesellschaft trafen sich heute mit Vertretern der drei Fischergilden der Insel, um die Situation des Sektors in der laufenden [&hellip;]<\/p>\n","protected":false},"author":1,"featured_media":7379,"comment_status":"open","ping_status":"open","sticky":false,"template":"","format":"standard","meta":{"inline_featured_image":false,"jnews-multi-image_gallery":[],"jnews_single_post":[],"jnews_primary_category":[],"jnews_social_meta":[],"jnews_override_counter":[],"jnews_post_split":[],"footnotes":""},"categories":[287],"tags":[216,196],"class_list":["post-7382","post","type-post","status-publish","format-standard","has-post-thumbnail","hentry","category-cabildo-de","tag-fuerteventura-de","tag-gemeinden"],"jetpack_featured_media_url":"https:\/\/informacionlocal.es\/wp-content\/uploads\/2025\/07\/eeee-6.jpeg","_links":{"self":[{"href":"https:\/\/informacionlocal.es\/de\/wp-json\/wp\/v2\/posts\/7382","targetHints":{"allow":["GET"]}}],"collection":[{"href":"https:\/\/informacionlocal.es\/de\/wp-json\/wp\/v2\/posts"}],"about":[{"href":"https:\/\/informacionlocal.es\/de\/wp-json\/wp\/v2\/types\/post"}],"author":[{"embeddable":true,"href":"https:\/\/informacionlocal.es\/de\/wp-json\/wp\/v2\/users\/1"}],"replies":[{"embeddable":true,"href":"https:\/\/informacionlocal.es\/de\/wp-json\/wp\/v2\/comments?post=7382"}],"version-history":[{"count":0,"href":"https:\/\/informacionlocal.es\/de\/wp-json\/wp\/v2\/posts\/7382\/revisions"}],"wp:featuredmedia":[{"embeddable":true,"href":"https:\/\/informacionlocal.es\/de\/wp-json\/wp\/v2\/media\/7379"}],"wp:attachment":[{"href":"https:\/\/informacionlocal.es\/de\/wp-json\/wp\/v2\/media?parent=7382"}],"wp:term":[{"taxonomy":"category","embeddable":true,"href":"https:\/\/informacionlocal.es\/de\/wp-json\/wp\/v2\/categories?post=7382"},{"taxonomy":"post_tag","embeddable":true,"href":"https:\/\/informacionlocal.es\/de\/wp-json\/wp\/v2\/tags?post=7382"}],"curies":[{"name":"wp","href":"https:\/\/api.w.org\/{rel}","templated":true}]}}