{"id":7346,"date":"2025-07-11T18:03:24","date_gmt":"2025-07-11T17:03:24","guid":{"rendered":"https:\/\/informacionlocal.es\/fuerteventura-wurde-mit-dem-qualitaetssiegel-jose-gomez-fuer-barrierefreiheit-ausgezeichnet\/"},"modified":"2025-07-11T18:03:24","modified_gmt":"2025-07-11T17:03:24","slug":"fuerteventura-wurde-mit-dem-qualitaetssiegel-jose-gomez-fuer-barrierefreiheit-ausgezeichnet","status":"publish","type":"post","link":"https:\/\/informacionlocal.es\/de\/fuerteventura-wurde-mit-dem-qualitaetssiegel-jose-gomez-fuer-barrierefreiheit-ausgezeichnet\/","title":{"rendered":"Fuerteventura wurde mit dem Qualit\u00e4tssiegel &#8222;Jos\u00e9 G\u00f3mez&#8220; f\u00fcr Barrierefreiheit ausgezeichnet."},"content":{"rendered":"<div class=\"entry-content\"><strong>11. Juli, 2025<\/strong><\/p>\n<p><em><strong>Das Cabildo von Fuerteventura und ADIVIA f\u00f6rdern ein Label, das Einrichtungen bei ihrer Umwandlung in integrative R\u00e4ume anerkennt und begleitet.<\/strong><\/em><\/p>\n<p>Die Inselregierung von Fuerteventura hat das G\u00fctesiegel &#8222;Jos\u00e9 G\u00f3mez&#8220; f\u00fcr universelle Zug\u00e4nglichkeit vorgestellt, eine Initiative, die von der Abteilung f\u00fcr Zug\u00e4nglichkeit der Inselregierung von Fuerteventura und dem Verband ADIVIA gef\u00f6rdert wird. Dieses Instrument wurde mit dem Ziel geschaffen, \u00f6ffentliche Einrichtungen auszuzeichnen, die sich bem\u00fchen und die Anforderungen in Bezug auf die universelle Zug\u00e4nglichkeit erf\u00fcllen, und sie bei ihrer Umwandlung in integrative R\u00e4ume zu begleiten. Die Auszeichnung tr\u00e4gt den Namen von Jos\u00e9 G\u00f3mez, einer f\u00fchrenden Pers\u00f6nlichkeit auf der Insel in der Verteidigung der Rechte von Menschen mit Behinderungen und Gr\u00fcnder von ADIVIA.  <\/p>\n<p>Auf der Veranstaltung hob die Pr\u00e4sidentin des Cabildo, Lola Garc\u00eda, den Wert einer Initiative hervor, die &#8222;f\u00fcr Fuerteventura sehr notwendig ist, mit einem Siegel, das darauf abzielt, den Menschen eine gleichberechtigte Teilnahme am sozialen, wirtschaftlichen und beruflichen Leben zu erm\u00f6glichen&#8220;. &#8222;Barrierefreiheit ist keine Laune, sondern ein Recht. Deshalb m\u00fcssen wir weiter daran arbeiten, Fuerteventura zu einem Land der Gleichheit f\u00fcr alle Menschen zu machen&#8220;.<\/p>\n<p>Die Stadtr\u00e4tin f\u00fcr Barrierefreiheit, Carmen Alonso, hob &#8222;den gro\u00dfen Schritt hervor, den wir im Rahmen des sozialen Engagements des Cabildo unternehmen, um Fuerteventura zu einem inklusiven Gebiet f\u00fcr alle Menschen zu machen&#8220;. In diesem Sinne ermutigte Alonso &#8222;Gesch\u00e4fte, Restaurants, Dienstleistungen und \u00f6ffentliche Einrichtungen aller Art, sich diesem Netzwerk anzuschlie\u00dfen, das sie nicht nur als integrative Einrichtungen auszeichnet, sondern ihnen auch Ratschl\u00e4ge gibt, wie sie die Barrieren beseitigen k\u00f6nnen, die das t\u00e4gliche Leben von Menschen mit Behinderungen behindern&#8220;. <\/p>\n<p>Im Namen von ADIVIA sagte deren Pr\u00e4sidentin Alicia Roger: &#8222;Wir sind sehr stolz, dass Jos\u00e9 G\u00f3mez das Siegel erhalten hat. Ich denke, dass er, wo auch immer er ist, sehr gl\u00fccklich sein wird&#8220;. Sie dankte auch &#8222;dem Cabildo von Fuerteventura und insbesondere Mari Carmen, denn ohne ihre Hilfe w\u00e4re dies unm\u00f6glich gewesen&#8220;. Roger \u00e4u\u00dferte sich auch zufrieden mit der Beteiligung der Insel, insbesondere der Gemeinde Puerto del Rosario, &#8222;obwohl es noch viele andere gibt, von denen wir hoffen, dass sie sich nach und nach anschlie\u00dfen werden&#8220;. &#8222;Am Anfang hatten wir Angst, dass dieses Projekt nach dem Verschwinden von Jos\u00e9 G\u00f3mez untergehen w\u00fcrde, aber das war nicht der Fall. Das Boot schwimmt immer noch und wir wollen weiter wachsen&#8220;, schloss sie emotional.   <\/p>\n<p>Der Gesch\u00e4ftsf\u00fchrer von ADIVIA, Juan Carlos Placeres, betonte seinerseits, dass &#8222;dieses Projekt aus der Hartn\u00e4ckigkeit von Jos\u00e9 G\u00f3mez entstanden ist, mit der Absicht, ein zug\u00e4nglicheres und integrativeres Fuerteventura zu schaffen. Heute erblickt es endlich das Licht der Welt&#8220;. Placeres dankte &#8222;der Unterst\u00fctzung des Cabildo von Fuerteventura, durch die Abteilung f\u00fcr Zug\u00e4nglichkeit und die Stadtr\u00e4tin Carmen Alonso, die vom ersten Moment an auf diese Initiative gesetzt und sie zu einer Realit\u00e4t gemacht haben&#8220;. <\/p>\n<p>W\u00e4hrend des Pr\u00e4sentationstages wurden die Funktionsweise, der Bewertungsprozess und die Schritte erl\u00e4utert, die jeder Betrieb unternehmen muss, um das Siegel zu erhalten. Die Veranstaltung umfasste pers\u00f6nliche Erfahrungsberichte, eine Diskussion am runden Tisch und einen abschlie\u00dfenden Raum f\u00fcr direkte Beratung, damit sich die Teilnehmer f\u00fcr das Siegel entscheiden k\u00f6nnen. <\/p>\n<p>Es sprachen die Sozialarbeiterin von ADIVIA und des Zentrums Jos\u00e9 G\u00f3mez, Cristina Cabrera, die Psychologin des Zentrums, Nahiraki Rodr\u00edguez, und der Berater f\u00fcr Barrierefreiheit, Carlos Hern\u00e1ndez. Ebenfalls anwesend waren die Stadtr\u00e4te Evangelina S\u00e1nchez (P\u00e1jara), Guiseppe Sigonorino (Antigua) und Pedro Rodr\u00edguez (Tuineje). <\/p>\n<p>Interessierte k\u00f6nnen weitere Informationen erhalten, indem sie den QR-Code auf dem offiziellen Plakat der Veranstaltung scannen, an selloaccesibilidadjosegomez@gmail.com schreiben oder 616 827 333 (ADIVIA) anrufen.<\/p>\n<\/div>\n","protected":false},"excerpt":{"rendered":"<p>11. Juli, 2025 Das Cabildo von Fuerteventura und ADIVIA f\u00f6rdern ein Label, das Einrichtungen bei ihrer Umwandlung in integrative R\u00e4ume anerkennt und begleitet. Die Inselregierung von Fuerteventura hat das G\u00fctesiegel [&hellip;]<\/p>\n","protected":false},"author":1,"featured_media":7343,"comment_status":"open","ping_status":"open","sticky":false,"template":"","format":"standard","meta":{"inline_featured_image":false,"jnews-multi-image_gallery":[],"jnews_single_post":[],"jnews_primary_category":[],"jnews_social_meta":[],"jnews_override_counter":[],"jnews_post_split":[],"footnotes":""},"categories":[287],"tags":[216],"class_list":["post-7346","post","type-post","status-publish","format-standard","has-post-thumbnail","hentry","category-cabildo-de","tag-fuerteventura-de"],"jetpack_featured_media_url":"https:\/\/informacionlocal.es\/wp-content\/uploads\/2025\/07\/www-1.jpeg","_links":{"self":[{"href":"https:\/\/informacionlocal.es\/de\/wp-json\/wp\/v2\/posts\/7346","targetHints":{"allow":["GET"]}}],"collection":[{"href":"https:\/\/informacionlocal.es\/de\/wp-json\/wp\/v2\/posts"}],"about":[{"href":"https:\/\/informacionlocal.es\/de\/wp-json\/wp\/v2\/types\/post"}],"author":[{"embeddable":true,"href":"https:\/\/informacionlocal.es\/de\/wp-json\/wp\/v2\/users\/1"}],"replies":[{"embeddable":true,"href":"https:\/\/informacionlocal.es\/de\/wp-json\/wp\/v2\/comments?post=7346"}],"version-history":[{"count":0,"href":"https:\/\/informacionlocal.es\/de\/wp-json\/wp\/v2\/posts\/7346\/revisions"}],"wp:featuredmedia":[{"embeddable":true,"href":"https:\/\/informacionlocal.es\/de\/wp-json\/wp\/v2\/media\/7343"}],"wp:attachment":[{"href":"https:\/\/informacionlocal.es\/de\/wp-json\/wp\/v2\/media?parent=7346"}],"wp:term":[{"taxonomy":"category","embeddable":true,"href":"https:\/\/informacionlocal.es\/de\/wp-json\/wp\/v2\/categories?post=7346"},{"taxonomy":"post_tag","embeddable":true,"href":"https:\/\/informacionlocal.es\/de\/wp-json\/wp\/v2\/tags?post=7346"}],"curies":[{"name":"wp","href":"https:\/\/api.w.org\/{rel}","templated":true}]}}