{"id":7334,"date":"2025-07-11T17:04:15","date_gmt":"2025-07-11T16:04:15","guid":{"rendered":"https:\/\/informacionlocal.es\/kandela-pachanga-jacomar-und-estrella-latina-auf-der-buehne-bei-den-fiestas-von-las-salinas\/"},"modified":"2025-07-11T17:04:15","modified_gmt":"2025-07-11T16:04:15","slug":"kandela-pachanga-jacomar-und-estrella-latina-auf-der-buehne-bei-den-fiestas-von-las-salinas","status":"publish","type":"post","link":"https:\/\/informacionlocal.es\/de\/kandela-pachanga-jacomar-und-estrella-latina-auf-der-buehne-bei-den-fiestas-von-las-salinas\/","title":{"rendered":"Kandela, Pachanga, Jacomar und Estrella Latina auf der B\u00fchne bei den Fiestas von Las Salinas"},"content":{"rendered":"<div class=\"elementor-widget-container\">\n<p><strong>Kandela, Pachanga, Jacomar und Estrella Latina auf der B\u00fchne bei den Fiestas von Las Salinas<\/strong><\/p>\n<p><strong>&#8211; Feuerwerk zu Wasser und zu Lande am Samstag um Mitternacht.  <\/strong><br \/><strong>&#8211; Big Verbena diesen Samstag mit den Gruppen Kandela, Pachanga und dem Orchester Estrella Latina von 22:00 Uhr bis 04:00 Uhr.  <\/strong><br \/><strong>&#8211; Am Sonntag findet ab 13:30 Uhr eine maritime Prozession zu Ehren der Madonna von Carmen statt, die von den Parrandas El Campillo und Juan Pe\u00f1a begleitet wird.  <\/strong><br \/><strong>&#8211; Die Orchester Estrella Latina und Jacomar sowie das D\u00fao Fantas\u00eda runden die Fiestas de Las Salinas von 16.00 bis 20.00 Uhr ab.<\/strong><\/p>\n<p>Die Fiestas de Las Salinas waren ein Beispiel f\u00fcr verantwortungsbewusstes Vergn\u00fcgen, und die gemeinsame Arbeit der Einwohner des Dorfes im Festkomitee und der Abteilung f\u00fcr Feste der Stadtverwaltung von Antigua hat zu einem partizipativen und erfolgreichen Programm gef\u00fchrt, so B\u00fcrgermeister Mat\u00edas Pe\u00f1a.<\/p>\n<p>Schaumkanone an diesem Samstag auf dem Kinderfest, das um 12:00 Uhr in Las Salinas beginnt, das das Hauptwochenende seiner Schutzpatronin Fiestas zu Ehren Unserer Lieben Frau von Carmen feiert, und f\u00fcgt der Stadtrat f\u00fcr Feste, Pedro M. Armas Mart\u00edn, k\u00f6nnen Familien ab 10.00 Uhr das Ballturnier genie\u00dfen, an der Verkleidung der Boote teilnehmen oder den Stra\u00dfenmarkt neben der B\u00fchne besuchen.<\/p>\n<p>Eine B\u00fchne, die nachts mit der Verbena von 22:00 bis 04:00 Uhr vibriert, mit der Gruppe Kandela, der Gruppe Pachanga und dem Orchester Estrella Latina, nur unterbrochen von der aquatisch-terrestrischen Pyrotechnik-Ausstellung um Mitternacht.<\/p>\n<p>Sonntag wird der gro\u00dfe Tag der Fiestas, wecken die Batucada Stra\u00dfe auf und Stra\u00dfe ab, zu den Nachbarn des Dorfes, die noch ruhen um 12 Uhr, um sie von der Maritime Land Prozession zu Ehren Unserer Lieben Frau von Carmen zu warnen:00 Stunden, um sie von der maritimen Land Prozession zu Ehren Unserer Lieben Frau von Carmen zu warnen, auf den Schultern der Menschen an Land, um sp\u00e4ter einzuschiffen, unter Ausnutzung der Gezeiten und segeln mit ihr, zwischen Jubel und der parrandeo von El Campillo und Juan Pe\u00f1a, von den Orchestern Estrella Latina und Jacomar empfangen werden, und die Feierlichkeiten das Duo Fantasia.<\/p>\n<\/div>\n","protected":false},"excerpt":{"rendered":"<p><strong>Kandela, Pachanga, Jacomar und Estrella Latina auf der B\u00fchne bei den Fiestas von Las Salinas<\/strong><\/p>\n","protected":false},"author":1,"featured_media":7331,"comment_status":"open","ping_status":"open","sticky":false,"template":"","format":"standard","meta":{"inline_featured_image":false,"jnews-multi-image_gallery":[],"jnews_single_post":[],"jnews_primary_category":[],"jnews_social_meta":[],"jnews_override_counter":[],"jnews_post_split":[],"footnotes":""},"categories":[283],"tags":[],"class_list":["post-7334","post","type-post","status-publish","format-standard","has-post-thumbnail","hentry","category-antigua-de"],"jetpack_featured_media_url":"https:\/\/informacionlocal.es\/wp-content\/uploads\/2025\/07\/fiestas-patronales-salinas-del-carmen-img-arch-scaled-1.jpg","_links":{"self":[{"href":"https:\/\/informacionlocal.es\/de\/wp-json\/wp\/v2\/posts\/7334","targetHints":{"allow":["GET"]}}],"collection":[{"href":"https:\/\/informacionlocal.es\/de\/wp-json\/wp\/v2\/posts"}],"about":[{"href":"https:\/\/informacionlocal.es\/de\/wp-json\/wp\/v2\/types\/post"}],"author":[{"embeddable":true,"href":"https:\/\/informacionlocal.es\/de\/wp-json\/wp\/v2\/users\/1"}],"replies":[{"embeddable":true,"href":"https:\/\/informacionlocal.es\/de\/wp-json\/wp\/v2\/comments?post=7334"}],"version-history":[{"count":0,"href":"https:\/\/informacionlocal.es\/de\/wp-json\/wp\/v2\/posts\/7334\/revisions"}],"wp:featuredmedia":[{"embeddable":true,"href":"https:\/\/informacionlocal.es\/de\/wp-json\/wp\/v2\/media\/7331"}],"wp:attachment":[{"href":"https:\/\/informacionlocal.es\/de\/wp-json\/wp\/v2\/media?parent=7334"}],"wp:term":[{"taxonomy":"category","embeddable":true,"href":"https:\/\/informacionlocal.es\/de\/wp-json\/wp\/v2\/categories?post=7334"},{"taxonomy":"post_tag","embeddable":true,"href":"https:\/\/informacionlocal.es\/de\/wp-json\/wp\/v2\/tags?post=7334"}],"curies":[{"name":"wp","href":"https:\/\/api.w.org\/{rel}","templated":true}]}}