{"id":7310,"date":"2025-07-11T15:00:52","date_gmt":"2025-07-11T14:00:52","guid":{"rendered":"https:\/\/informacionlocal.es\/antigua-bietet-allen-kindern-im-sommer-und-am-vormittag-kulturcamps-und-sportvormittage-an\/"},"modified":"2025-07-11T15:00:52","modified_gmt":"2025-07-11T14:00:52","slug":"antigua-bietet-allen-kindern-im-sommer-und-am-vormittag-kulturcamps-und-sportvormittage-an","status":"publish","type":"post","link":"https:\/\/informacionlocal.es\/de\/antigua-bietet-allen-kindern-im-sommer-und-am-vormittag-kulturcamps-und-sportvormittage-an\/","title":{"rendered":"Antigua bietet allen Kindern im Sommer und am Vormittag Kulturcamps und Sportvormittage an"},"content":{"rendered":"<div class=\"elementor-widget-container\">\n<p><strong>Antigua bietet allen Kindern im Sommer und am Vormittag Kulturcamps und Sportvormittage an<\/strong><\/p>\n<p><strong>&#8211; In Caleta de Fuste, in Antigua und in den Kulturzentren der Gemeinde Sommercamps f\u00fcr Kinder von 4 und 7 Jahren bis 11 Jahren.<\/strong><\/p>\n<p><strong>&#8211; Kostenlose Anmeldung, organisiert von der Stadtverwaltung Antigua, Abteilung Kultur und Sport.<\/strong><\/p>\n<p>In diesem Sommer bietet das Rathaus von Antigua ein Vormittagsprogramm f\u00fcr Kinder zwischen 4 und 11 Jahren an, das es ihnen erm\u00f6glicht, ihre Ferien mit den Arbeitszeiten ihrer Familien zu verbinden.<\/p>\n<p>Die Sports Mornings werden in Caleta de Fuste und Antigua jeden Morgen von 08:30 bis 14:30 Uhr organisiert. Dabei gibt es Mannschaftsspiele, Sportturniere, Wasserpartys, Ausfl\u00fcge und zahlreiche Aktivit\u00e4ten, um die Kinder zu \u00fcberraschen und zu unterhalten, sagt der Stadtrat f\u00fcr Sport, Samuel Torres.<\/p>\n<p>Die Kulturcamps sind eine Pioniertat in der Gemeinde und, wie ich glaube, auch auf der Insel&#8220;, erkl\u00e4rt der Gemeinderat Jonathan Pe\u00f1a, &#8222;sie finden in Caleta de Fuste, n\u00e4chste Woche in Triquivijate, die Woche darauf in Valles de Ortega und schlie\u00dflich in Antigua statt. Der Erfolg spiegelt sich in der Begeisterung der Kinder wider, die sich an einem Vormittag an Tanzchoreografien, Theaterspielen, Zirkus-, Musik- oder Filmtechniken erfreuen. <\/p>\n<p>Die Anmeldung zu den Kulturcamps und den Sportvormittagen ist v\u00f6llig kostenlos und muss lediglich \u00fcber das Standesamt erfolgen, bis alle Pl\u00e4tze belegt sind, erkl\u00e4rt B\u00fcrgermeister Mat\u00edas Pe\u00f1a. Er f\u00fcgt hinzu, dass neben diesen beiden Gruppenaktivit\u00e4ten, die den ganzen Vormittag \u00fcber stattfinden, auch die Kinderfeste, die in dieser Saison in jedem Dorf organisiert werden, oder die Strandfeste von El Castillo jeden Freitagvormittag sowie das Sommerprogramm f\u00fcr Jugendliche oder die Schulen der Gemeinde, die ihren Unterricht abhalten, dazukommen.<\/p>\n<p>Sommeraktivit\u00e4ten f\u00fcr alle, niemand muss zu Hause bleiben und wir bieten auch v\u00f6llig kostenlose Anmeldung und Teilnahme offen f\u00fcr alle, schlie\u00dft der B\u00fcrgermeister von Antigua, Mat\u00edas Pe\u00f1a.<\/p>\n<\/p>\n<\/div>\n","protected":false},"excerpt":{"rendered":"<p><strong>Antigua bietet allen Kindern im Sommer und am Vormittag Kulturcamps und Sportvormittage an<\/strong><\/p>\n","protected":false},"author":1,"featured_media":7307,"comment_status":"open","ping_status":"open","sticky":false,"template":"","format":"standard","meta":{"inline_featured_image":false,"jnews-multi-image_gallery":[],"jnews_single_post":[],"jnews_primary_category":[],"jnews_social_meta":[],"jnews_override_counter":[],"jnews_post_split":[],"footnotes":""},"categories":[283],"tags":[343],"class_list":["post-7310","post","type-post","status-publish","format-standard","has-post-thumbnail","hentry","category-antigua-de","tag-sport-de"],"jetpack_featured_media_url":"https:\/\/informacionlocal.es\/wp-content\/uploads\/2025\/07\/antigua-ofrece-a-todos-los-peques-en-verano-y-por-la-manana-campamentos-culturales-y-mananas-deportivas-1-scaled-1.jpg","_links":{"self":[{"href":"https:\/\/informacionlocal.es\/de\/wp-json\/wp\/v2\/posts\/7310","targetHints":{"allow":["GET"]}}],"collection":[{"href":"https:\/\/informacionlocal.es\/de\/wp-json\/wp\/v2\/posts"}],"about":[{"href":"https:\/\/informacionlocal.es\/de\/wp-json\/wp\/v2\/types\/post"}],"author":[{"embeddable":true,"href":"https:\/\/informacionlocal.es\/de\/wp-json\/wp\/v2\/users\/1"}],"replies":[{"embeddable":true,"href":"https:\/\/informacionlocal.es\/de\/wp-json\/wp\/v2\/comments?post=7310"}],"version-history":[{"count":0,"href":"https:\/\/informacionlocal.es\/de\/wp-json\/wp\/v2\/posts\/7310\/revisions"}],"wp:featuredmedia":[{"embeddable":true,"href":"https:\/\/informacionlocal.es\/de\/wp-json\/wp\/v2\/media\/7307"}],"wp:attachment":[{"href":"https:\/\/informacionlocal.es\/de\/wp-json\/wp\/v2\/media?parent=7310"}],"wp:term":[{"taxonomy":"category","embeddable":true,"href":"https:\/\/informacionlocal.es\/de\/wp-json\/wp\/v2\/categories?post=7310"},{"taxonomy":"post_tag","embeddable":true,"href":"https:\/\/informacionlocal.es\/de\/wp-json\/wp\/v2\/tags?post=7310"}],"curies":[{"name":"wp","href":"https:\/\/api.w.org\/{rel}","templated":true}]}}