{"id":7298,"date":"2025-07-11T14:00:02","date_gmt":"2025-07-11T13:00:02","guid":{"rendered":"https:\/\/informacionlocal.es\/das-cabildo-schliesst-die-restaurierung-von-fast-1-000-metern-zaun-zum-schutz-der-salzwiesen-von-saladar-de-jandia-ab\/"},"modified":"2025-07-11T14:00:02","modified_gmt":"2025-07-11T13:00:02","slug":"das-cabildo-schliesst-die-restaurierung-von-fast-1-000-metern-zaun-zum-schutz-der-salzwiesen-von-saladar-de-jandia-ab","status":"publish","type":"post","link":"https:\/\/informacionlocal.es\/de\/das-cabildo-schliesst-die-restaurierung-von-fast-1-000-metern-zaun-zum-schutz-der-salzwiesen-von-saladar-de-jandia-ab\/","title":{"rendered":"Das Cabildo schlie\u00dft die Restaurierung von fast 1.000 Metern Zaun zum Schutz der Salzwiesen von Saladar de Jand\u00eda ab"},"content":{"rendered":"<div class=\"entry-content\"><strong>11. Juli, 2025<\/strong><\/p>\n<p><em><strong>Die Arbeiten wurden von der Umweltbeh\u00f6rde im Rahmen des Programms &#8222;Fuerteventura, sch\u00f6n von der Natur&#8220; durchgef\u00fchrt.<\/strong><\/em><\/p>\n<p>Die Inselregierung von Fuerteventura hat die Erneuerung von fast 1.000 laufenden Metern Zaun in Saladar de Jand\u00eda im Rahmen des Programms &#8222;Fuerteventura, sch\u00f6n durch die Natur&#8220; der Inselgesellschaft abgeschlossen.<\/p>\n<p>Die Aktion wurde vom regionalen Umweltministerium mit dem Ziel durchgef\u00fchrt, ein Gebiet von gro\u00dfem \u00f6kologischem Wert zu sch\u00fctzen, das einzige Feuchtgebiet der Kanarischen Inseln, das zum internationalen \u00dcbereinkommen \u00fcber die Erhaltung von Feuchtgebieten, dem Ramsar-Netzwerk, geh\u00f6rt.<\/p>\n<p>Die Pr\u00e4sidentin des Cabildo, Lola Garc\u00eda, betonte, wie wichtig es sei, &#8222;Naturgebiete von besonderer Bedeutung wie den Saladar de Jand\u00eda mit einer Investition von fast 200.000 Euro zu erhalten&#8220;.<\/p>\n<p>Der Stadtrat f\u00fcr Umwelt, Carlos Rodr\u00edguez, lobte seinerseits &#8222;die Arbeiten, die die Wiederherstellung von 963 Metern Umz\u00e4unung erm\u00f6glicht haben, mit dem Ziel, die endemische Flora und ein \u00d6kosystem zu sch\u00fctzen, das haupts\u00e4chlich mit der Meeresvogelwelt verbunden ist&#8220;.  <\/p>\n<p>An der Besichtigung des Werks nahm auch die Stadtr\u00e4tin f\u00fcr Umwelt der Stadt P\u00e1jara, \u00c1ngeles Acosta, teil.<\/p>\n<p>Die Ma\u00dfnahme wurde von der Europ\u00e4ischen Union \u00fcber den Europ\u00e4ischen Landwirtschaftsfonds f\u00fcr die Entwicklung des l\u00e4ndlichen Raums (ELER) zu 85 % kofinanziert. Die Leitlinien f\u00fcr f\u00f6rderf\u00e4hige Ma\u00dfnahmen werden von den Inselr\u00e4ten im Rahmen des Programms f\u00fcr die Entwicklung des l\u00e4ndlichen Raums auf den Kanarischen Inseln (PDR) f\u00fcr den Zeitraum 2014-2020 umgesetzt.<\/p>\n<p>Die Arbeiten umfassten die Demontage des bestehenden Holzzauns und die Installation des neuen Zauns im Rahmen des Programms &#8222;Fuerteventura, sch\u00f6n von der Natur&#8220;, das vom Cabildo, der Abteilung f\u00fcr Infrastrukturen, unter der Leitung von Blas Acosta gef\u00f6rdert wird.<\/p>\n<p>Der Saladar de Jand\u00eda geh\u00f6rt zum Gebiet von wissenschaftlichem Interesse Playa del Matorral in der Ortschaft Morro Jable in der Gemeinde P\u00e1jara und ist Teil des Netzes Natura 2000 mit zwei r\u00e4umlich zusammenfallenden Schutzgebieten: Sonderschutzgebiet f\u00fcr V\u00f6gel (SPA) und Sonderschutzgebiet (SAC). Seit 2009 ist es auch Teil des von der Unesco erkl\u00e4rten Biosph\u00e4renreservats von Fuerteventura. <\/p>\n<p>In diesem Gebiet bilden sich aufgrund des Gezeitenstroms nat\u00fcrliche Meerwasserbecken, die einen Teil der Sandfl\u00e4chen \u00fcberfluten. Der Saladar ist von gro\u00dfer Bedeutung f\u00fcr seine halophile Vegetation und seinen Wert als Vogelschutzgebiet. Er ist durch einen h\u00f6lzernen Zaun gesch\u00fctzt, um zu verhindern, dass Menschen den Strand betreten, was zu seiner Verschlechterung und dem Verlust eines gro\u00dfen Teils der Flora des Gebiets f\u00fchren kann.  <\/p>\n<\/div>\n","protected":false},"excerpt":{"rendered":"<p>11. Juli, 2025 Die Arbeiten wurden von der Umweltbeh\u00f6rde im Rahmen des Programms &#8222;Fuerteventura, sch\u00f6n von der Natur&#8220; durchgef\u00fchrt. Die Inselregierung von Fuerteventura hat die Erneuerung von fast 1.000 laufenden [&hellip;]<\/p>\n","protected":false},"author":1,"featured_media":7295,"comment_status":"open","ping_status":"open","sticky":false,"template":"","format":"standard","meta":{"inline_featured_image":false,"jnews-multi-image_gallery":[],"jnews_single_post":[],"jnews_primary_category":[],"jnews_social_meta":[],"jnews_override_counter":[],"jnews_post_split":[],"footnotes":""},"categories":[287],"tags":[216,199],"class_list":["post-7298","post","type-post","status-publish","format-standard","has-post-thumbnail","hentry","category-cabildo-de","tag-fuerteventura-de","tag-umwelt"],"jetpack_featured_media_url":"https:\/\/informacionlocal.es\/wp-content\/uploads\/2025\/07\/eeeer.jpeg","_links":{"self":[{"href":"https:\/\/informacionlocal.es\/de\/wp-json\/wp\/v2\/posts\/7298","targetHints":{"allow":["GET"]}}],"collection":[{"href":"https:\/\/informacionlocal.es\/de\/wp-json\/wp\/v2\/posts"}],"about":[{"href":"https:\/\/informacionlocal.es\/de\/wp-json\/wp\/v2\/types\/post"}],"author":[{"embeddable":true,"href":"https:\/\/informacionlocal.es\/de\/wp-json\/wp\/v2\/users\/1"}],"replies":[{"embeddable":true,"href":"https:\/\/informacionlocal.es\/de\/wp-json\/wp\/v2\/comments?post=7298"}],"version-history":[{"count":0,"href":"https:\/\/informacionlocal.es\/de\/wp-json\/wp\/v2\/posts\/7298\/revisions"}],"wp:featuredmedia":[{"embeddable":true,"href":"https:\/\/informacionlocal.es\/de\/wp-json\/wp\/v2\/media\/7295"}],"wp:attachment":[{"href":"https:\/\/informacionlocal.es\/de\/wp-json\/wp\/v2\/media?parent=7298"}],"wp:term":[{"taxonomy":"category","embeddable":true,"href":"https:\/\/informacionlocal.es\/de\/wp-json\/wp\/v2\/categories?post=7298"},{"taxonomy":"post_tag","embeddable":true,"href":"https:\/\/informacionlocal.es\/de\/wp-json\/wp\/v2\/tags?post=7298"}],"curies":[{"name":"wp","href":"https:\/\/api.w.org\/{rel}","templated":true}]}}