{"id":7286,"date":"2025-07-11T11:59:54","date_gmt":"2025-07-11T10:59:54","guid":{"rendered":"https:\/\/informacionlocal.es\/pajara-schliesst-den-workshop-deine-stimme-auf-der-leinwand-mit-einer-grossen-buergerbeteiligung-ab\/"},"modified":"2025-07-11T11:59:54","modified_gmt":"2025-07-11T10:59:54","slug":"pajara-schliesst-den-workshop-deine-stimme-auf-der-leinwand-mit-einer-grossen-buergerbeteiligung-ab","status":"publish","type":"post","link":"https:\/\/informacionlocal.es\/de\/pajara-schliesst-den-workshop-deine-stimme-auf-der-leinwand-mit-einer-grossen-buergerbeteiligung-ab\/","title":{"rendered":"P\u00e1jara schlie\u00dft den Workshop &#8222;Deine Stimme auf der Leinwand&#8220; mit einer gro\u00dfen B\u00fcrgerbeteiligung ab"},"content":{"rendered":"<div class=\"entry-content\">\n<p><b><i>Der Stadtrat f\u00f6rdert diese generations\u00fcbergreifende Initiative, die sich auf Kreativit\u00e4t, Integration und die St\u00e4rkung des sozialen Gef\u00fcges konzentriert.<\/i><\/b><\/p>\n<p><span>Die Stadtverwaltung von P\u00e1jara hat \u00fcber die Abteilung f\u00fcr \u00e4ltere Menschen den Kreativ-Workshop &#8222;Deine Stimme auf der Leinwand&#8220; abgeschlossen, der sich \u00fcber drei Tage erstreckte und als offene, partizipative und integrative Erfahrung konzipiert war. Die Aktivit\u00e4t wurde von den Dozentinnen Beatriz Bgangu und Idaira Reyes geleitet, die f\u00fcr alle Teilnehmer ein sicheres und kreatives Umfeld schufen.   <\/span><\/p>\n<p><span>Das Hauptziel dieses Workshops bestand darin, den pers\u00f6nlichen und kollektiven k\u00fcnstlerischen Ausdruck durch die Gestaltung und Personalisierung von Tragetaschen zu f\u00f6rdern. Die Initiative erm\u00f6glichte es den Teilnehmern, ihre Ideen, Emotionen und Werte zu Themen wie Gleichberechtigung, Umwelt, Vielfalt und individuelle Tr\u00e4ume zu reflektieren und in Stoffen festzuhalten.   <\/span><\/p>\n<p><span>Die Stadtr\u00e4tin f\u00fcr \u00e4ltere Menschen, Raquel Acosta, hob sowohl den integrativen Ansatz als auch die menschliche Wirkung des Workshops hervor. &#8222;Der Stadtrat ist fest entschlossen, Initiativen zu unterst\u00fctzen, die die aktive Teilnahme und den allgemeinen Zugang zur Kultur f\u00f6rdern. Dieses Projekt ist ein Beispiel daf\u00fcr, wie Kunst zu einem Werkzeug f\u00fcr Integration, Dialog und kollektiven Aufbau werden kann&#8220;, betonte sie.   <\/span><\/p>\n<p><span>Es war besonders bedeutungsvoll zu sehen, wie Menschen unterschiedlichen Alters und unterschiedlicher Herkunft diesen Raum mit Respekt, Kreativit\u00e4t und Gro\u00dfz\u00fcgigkeit teilten&#8220;, sagte er.  <\/span><\/p>\n<p><span>Beatriz Bgangu, eine der Ausbilderinnen, f\u00fcgte hinzu: &#8222;Eure Stimme in T\u00fcchern war nicht nur ein Workshop, sondern ein Akt kollektiven Mutes. Jedes Tuch hat Emotionen Farbe und Leben verliehen, die keinen Namen hatten, Geschichten, die nicht immer erz\u00e4hlt wurden. Es war ein Raum, um durch Kunst zu heilen, uns selbst ohne Urteil zu betrachten und uns durch Z\u00e4rtlichkeit zu erkennen.  <\/span><\/p>\n<p><span>Jede der Sitzungen umfasste eine Reflexionsdynamik, Skizzen, Textildesign und eine abschlie\u00dfende Ausstellung, in der die Teilnehmer die Bedeutung ihrer Kreationen erl\u00e4uterten. Diese Methodik f\u00f6rderte nicht nur die Kreativit\u00e4t, sondern auch aktives Zuh\u00f6ren, Empathie und sozialen Zusammenhalt.   <\/span><\/p>\n<\/div>\n","protected":false},"excerpt":{"rendered":"<p><i>Der Stadtrat f\u00f6rdert diese generations\u00fcbergreifende Initiative, die sich auf Kreativit\u00e4t, Integration und die St\u00e4rkung des sozialen Gef\u00fcges konzentriert.<\/i><\/p>\n","protected":false},"author":1,"featured_media":7283,"comment_status":"open","ping_status":"open","sticky":false,"template":"","format":"standard","meta":{"inline_featured_image":false,"jnews-multi-image_gallery":[],"jnews_single_post":[],"jnews_primary_category":[],"jnews_social_meta":[],"jnews_override_counter":[],"jnews_post_split":[],"footnotes":""},"categories":[297],"tags":[213,199],"class_list":["post-7286","post","type-post","status-publish","format-standard","has-post-thumbnail","hentry","category-pajara-de","tag-integration-de","tag-umwelt"],"jetpack_featured_media_url":"https:\/\/informacionlocal.es\/wp-content\/uploads\/2025\/07\/tu-voz-en-tela.png","_links":{"self":[{"href":"https:\/\/informacionlocal.es\/de\/wp-json\/wp\/v2\/posts\/7286","targetHints":{"allow":["GET"]}}],"collection":[{"href":"https:\/\/informacionlocal.es\/de\/wp-json\/wp\/v2\/posts"}],"about":[{"href":"https:\/\/informacionlocal.es\/de\/wp-json\/wp\/v2\/types\/post"}],"author":[{"embeddable":true,"href":"https:\/\/informacionlocal.es\/de\/wp-json\/wp\/v2\/users\/1"}],"replies":[{"embeddable":true,"href":"https:\/\/informacionlocal.es\/de\/wp-json\/wp\/v2\/comments?post=7286"}],"version-history":[{"count":0,"href":"https:\/\/informacionlocal.es\/de\/wp-json\/wp\/v2\/posts\/7286\/revisions"}],"wp:featuredmedia":[{"embeddable":true,"href":"https:\/\/informacionlocal.es\/de\/wp-json\/wp\/v2\/media\/7283"}],"wp:attachment":[{"href":"https:\/\/informacionlocal.es\/de\/wp-json\/wp\/v2\/media?parent=7286"}],"wp:term":[{"taxonomy":"category","embeddable":true,"href":"https:\/\/informacionlocal.es\/de\/wp-json\/wp\/v2\/categories?post=7286"},{"taxonomy":"post_tag","embeddable":true,"href":"https:\/\/informacionlocal.es\/de\/wp-json\/wp\/v2\/tags?post=7286"}],"curies":[{"name":"wp","href":"https:\/\/api.w.org\/{rel}","templated":true}]}}