{"id":7275,"date":"2025-07-11T01:00:07","date_gmt":"2025-07-11T00:00:07","guid":{"rendered":"https:\/\/informacionlocal.es\/koordinierungstreffen-fuer-die-einfuehrung-von-glasfaserkabeln-in-der-gemeinde-puerto-del-rosario\/"},"modified":"2025-07-11T01:00:07","modified_gmt":"2025-07-11T00:00:07","slug":"koordinierungstreffen-fuer-die-einfuehrung-von-glasfaserkabeln-in-der-gemeinde-puerto-del-rosario","status":"publish","type":"post","link":"https:\/\/informacionlocal.es\/de\/koordinierungstreffen-fuer-die-einfuehrung-von-glasfaserkabeln-in-der-gemeinde-puerto-del-rosario\/","title":{"rendered":"Koordinierungstreffen f\u00fcr die Einf\u00fchrung von Glasfaserkabeln in der Gemeinde Puerto del Rosario."},"content":{"rendered":"<div class=\"entry-content\">\n<p>Am Donnerstagmorgen, 10. Juli, fand eine Sitzung zur Koordinierung des Glasfaserausbaus in der Gemeinde Puerto del Rosario statt, an der folgende Personen teilnahmen: <strong>Juan Flores<\/strong>, territorialer Direktor von Telef\u00f3nica auf den Kanarischen Inseln, <strong>Jose Francisco Ruiz und Jes\u00fas Fern\u00e1ndez<\/strong> als kaufm\u00e4nnische Direktoren von Avatel Canarias, die Stadtr\u00e4tin f\u00fcr Raumordnung <strong>Nereida Calero<\/strong> und die Stadtr\u00e4tin f\u00fcr Neue Technologien <strong>Carmen Alonso<\/strong> vom Cabildo de Fuerteventura, <strong>Javier Franco<\/strong>, Generaldirektor der Kanarischen Forschungsagentur der Kanarischen Regierung, <strong>Carlos Couro<\/strong>, Pr\u00e4sident der Vereinigung der Telekommunikationsingenieure, <strong>Rosa Rodr\u00edguez<\/strong>, Stadtr\u00e4tin f\u00fcr Neue Technologien des Stadtrats von Puerto del Rosario und <strong>David de Vera<\/strong>, B\u00fcrgermeister der Gemeinde.    <\/p>\n<p>Das Programm f\u00fcr die Universalisierung digitaler Infrastrukturen f\u00fcr den Zusammenhalt (UNICO) ist eine Ma\u00dfnahme, die im Rahmen von Investition 1 der Komponente 15 des Plans f\u00fcr Erholung, Transformation und Widerstandsf\u00e4higkeit (PRTR) der spanischen Wirtschaft durchgef\u00fchrt und von der Europ\u00e4ischen Union &#8211; Next Generation EU &#8211; mit Mitteln aus dem durch die Verordnung (EU) 2021-2021 geschaffenen Mechanismus f\u00fcr Erholung und Widerstandsf\u00e4higkeit kofinanziert wird, Transformations- und Resilienzplan (PRTR) der spanischen Wirtschaft, kofinanziert von der Europ\u00e4ischen Union &#8211; EU der n\u00e4chsten Generation, mit Mitteln aus dem Mechanismus f\u00fcr Erholung und Resilienz, der durch die Verordnung (EU) 2021\/241 des Europ\u00e4ischen Parlaments und des Rates vom 12. Februar 2021 eingerichtet wurde.<\/p>\n<p>Das Ziel dieses Treffens ist in drei Teile gegliedert:<\/p>\n<p>Erstens. Siehe Ausf\u00fchrungsstand der an Movistar und Avatel vergebenen UNICO-Pl\u00e4ne 2021, 2022 und 2023. <\/p>\n<p>Zweitens. Bekanntmachung der vom Stadtrat von Puerto del Rosario aufgestellten Pl\u00e4ne f\u00fcr den Ausbau von Glasfaser- und Breitbandverbindungen in der Gemeinde sowie Festlegung von Strategien f\u00fcr eine gemeinsame Zusammenarbeit. <\/p>\n<p>Drittens. Einleitung von Verfahren zur Beseitigung oder R\u00fcckgabe stillgelegter Glasfasermasten und Freileitungen, die das Erscheinungsbild und die Landschaft in der Gemeinde beeintr\u00e4chtigen. <\/p>\n<\/div>\n","protected":false},"excerpt":{"rendered":"<p>Am Donnerstagmorgen, 10. Juli, fand eine Sitzung zur Koordinierung des Glasfaserausbaus in der Gemeinde Puerto del Rosario statt, an der folgende Personen teilnahmen: Juan Flores, territorialer Direktor von Telef\u00f3nica auf [&hellip;]<\/p>\n","protected":false},"author":1,"featured_media":7271,"comment_status":"open","ping_status":"open","sticky":false,"template":"","format":"standard","meta":{"inline_featured_image":false,"jnews-multi-image_gallery":[],"jnews_single_post":[],"jnews_primary_category":[],"jnews_social_meta":[],"jnews_override_counter":[],"jnews_post_split":[],"footnotes":""},"categories":[293],"tags":[216,254],"class_list":["post-7275","post","type-post","status-publish","format-standard","has-post-thumbnail","hentry","category-puerto-del-rosario-de","tag-fuerteventura-de","tag-infrastruktur"],"jetpack_featured_media_url":"https:\/\/informacionlocal.es\/wp-content\/uploads\/2025\/07\/fibra-titu-optica-reunion-100725.jpg","_links":{"self":[{"href":"https:\/\/informacionlocal.es\/de\/wp-json\/wp\/v2\/posts\/7275","targetHints":{"allow":["GET"]}}],"collection":[{"href":"https:\/\/informacionlocal.es\/de\/wp-json\/wp\/v2\/posts"}],"about":[{"href":"https:\/\/informacionlocal.es\/de\/wp-json\/wp\/v2\/types\/post"}],"author":[{"embeddable":true,"href":"https:\/\/informacionlocal.es\/de\/wp-json\/wp\/v2\/users\/1"}],"replies":[{"embeddable":true,"href":"https:\/\/informacionlocal.es\/de\/wp-json\/wp\/v2\/comments?post=7275"}],"version-history":[{"count":0,"href":"https:\/\/informacionlocal.es\/de\/wp-json\/wp\/v2\/posts\/7275\/revisions"}],"wp:featuredmedia":[{"embeddable":true,"href":"https:\/\/informacionlocal.es\/de\/wp-json\/wp\/v2\/media\/7271"}],"wp:attachment":[{"href":"https:\/\/informacionlocal.es\/de\/wp-json\/wp\/v2\/media?parent=7275"}],"wp:term":[{"taxonomy":"category","embeddable":true,"href":"https:\/\/informacionlocal.es\/de\/wp-json\/wp\/v2\/categories?post=7275"},{"taxonomy":"post_tag","embeddable":true,"href":"https:\/\/informacionlocal.es\/de\/wp-json\/wp\/v2\/tags?post=7275"}],"curies":[{"name":"wp","href":"https:\/\/api.w.org\/{rel}","templated":true}]}}