{"id":7262,"date":"2025-07-10T23:58:28","date_gmt":"2025-07-10T22:58:28","guid":{"rendered":"https:\/\/informacionlocal.es\/puerto-del-rosario-feiert-die-zweite-ausgabe-von-puerto-joven-um-den-sommer-zu-beleben-und-den-zusammenhalt-zwischen-den-jugendlichen-zu-staerken\/"},"modified":"2025-07-10T23:58:28","modified_gmt":"2025-07-10T22:58:28","slug":"puerto-del-rosario-feiert-die-zweite-ausgabe-von-puerto-joven-um-den-sommer-zu-beleben-und-den-zusammenhalt-zwischen-den-jugendlichen-zu-staerken","status":"publish","type":"post","link":"https:\/\/informacionlocal.es\/de\/puerto-del-rosario-feiert-die-zweite-ausgabe-von-puerto-joven-um-den-sommer-zu-beleben-und-den-zusammenhalt-zwischen-den-jugendlichen-zu-staerken\/","title":{"rendered":"Puerto del Rosario feiert die zweite Ausgabe von Puerto Joven, um den Sommer zu beleben und den Zusammenhalt zwischen den Jugendlichen zu st\u00e4rken."},"content":{"rendered":"<div class=\"entry-content\">\n<p>Die Stadtverwaltung von Puerto del Rosario hat die zweite Auflage von <em>Puerto Joven<\/em> ins Leben gerufen, einer Veranstaltung, die vom 9. bis 11. Juli den Strand von Los Pozos in einen Treffpunkt f\u00fcr die Jugend der Gemeinde verwandeln wird. Mit einem abwechslungsreichen Programm aus sportlichen, kulturellen und musikalischen Aktivit\u00e4ten soll die Veranstaltung die Sommersaison beleben und den Zusammenhalt zwischen den Jugendlichen st\u00e4rken, indem Freizeit- und Unterhaltungsm\u00f6glichkeiten von und f\u00fcr sie angeboten werden. <\/p>\n<p>W\u00e4hrend dieser Tage k\u00f6nnen die Teilnehmer Fu\u00dfball- und Beachvolleyballturniere, Auftritte lokaler K\u00fcnstler und ein gro\u00dfes Abschlusskonzert mit dem internationalen K\u00fcnstler Liano genie\u00dfen, das von den Jugendlichen von Puerto del Rosario selbst vorgeschlagen wurde. Die von der Jugendabteilung organisierte Initiative wird von verschiedenen Abteilungen des Rathauses und dem Cabildo von Fuerteventura unterst\u00fctzt, was zeigt, dass die Zusammenarbeit der Schl\u00fcssel zur F\u00f6rderung von Vorschl\u00e4gen ist, die auf die Bed\u00fcrfnisse der B\u00fcrger eingehen. <\/p>\n<p>Der B\u00fcrgermeister von Puerto del Rosario, <strong>David de Vera,<\/strong> betonte, dass <em>&#8222;der Geist von Puerto Joven unser Engagement widerspiegelt, weiterhin R\u00e4ume f\u00fcr die Beteiligung unserer jungen Menschen zu schaffen. Diese zweite Auflage zeigt, dass wir in Zusammenarbeit mit jungen Menschen Aktivit\u00e4ten schaffen k\u00f6nnen, die nicht nur unsere Gemeinde im Sommer beleben, sondern auch die Einheit und das Zusammengeh\u00f6rigkeitsgef\u00fchl f\u00f6rdern. Ich m\u00f6chte allen beteiligten R\u00e4ten, dem Cabildo und vor allem den jungen Menschen danken, die mit ihrem Enthusiasmus Initiativen wie diese ins Leben rufen&#8220;.<\/em><\/p>\n<p>Die Stadtr\u00e4tin f\u00fcr Jugend, <strong>Jenifer P\u00e9rez,<\/strong> hat ihrerseits darauf hingewiesen, dass  <em>&#8222;Heute beginnen wir diese zweite Ausgabe von Puerto Joven mit der Freude \u00fcber die gro\u00dfe Anzahl junger Leute, die nicht nur an sportlichen Aktivit\u00e4ten und Wettbewerben, sondern auch an der Vorbereitung von Shows und Konzerten teilnehmen wollen. Diese Veranstaltung wird immer mehr zu einem festen Bestandteil des Strandes von Los Pozos und des Sommers und festigt sich zu einem Schl\u00fcsselereignis f\u00fcr unsere jungen Leute. Wir sind dankbar f\u00fcr die Zusammenarbeit mit anderen Stadtr\u00e4ten, dem Cabildo und allen, die es Puerto Joven erm\u00f6glichen, mit einem gemeinsamen Ziel weiter zu wachsen: das Sport-, Kultur- und Freizeitangebot f\u00fcr die Jugend von Puerto del Rosario zu dynamisieren&#8220;.<\/em><\/p>\n<p><em> <\/em>Die Stadtverwaltung l\u00e4dt alle B\u00fcrgerinnen und B\u00fcrger ein, an dieser Veranstaltung teilzunehmen, die noch bis zum 11. Juli von 12.00 bis 22.00 Uhr stattfindet und das Engagement der Stadtverwaltung f\u00fcr die Schaffung von R\u00e4umen, die das Zusammenleben, die Kreativit\u00e4t und die Beteiligung der Jugend f\u00f6rdern, unterstreicht.<\/p>\n<\/div>\n","protected":false},"excerpt":{"rendered":"<p>Die Stadtverwaltung von Puerto del Rosario hat die zweite Auflage von Puerto Joven ins Leben gerufen, einer Veranstaltung, die vom 9. bis 11. Juli den Strand von Los Pozos in [&hellip;]<\/p>\n","protected":false},"author":1,"featured_media":7259,"comment_status":"open","ping_status":"open","sticky":false,"template":"","format":"standard","meta":{"inline_featured_image":false,"jnews-multi-image_gallery":[],"jnews_single_post":[],"jnews_primary_category":[],"jnews_social_meta":[],"jnews_override_counter":[],"jnews_post_split":[],"footnotes":""},"categories":[293],"tags":[216],"class_list":["post-7262","post","type-post","status-publish","format-standard","has-post-thumbnail","hentry","category-puerto-del-rosario-de","tag-fuerteventura-de"],"jetpack_featured_media_url":"https:\/\/informacionlocal.es\/wp-content\/uploads\/2025\/07\/puerto-22-joven-alcalde-y-concejales-en-playa.jpg","_links":{"self":[{"href":"https:\/\/informacionlocal.es\/de\/wp-json\/wp\/v2\/posts\/7262","targetHints":{"allow":["GET"]}}],"collection":[{"href":"https:\/\/informacionlocal.es\/de\/wp-json\/wp\/v2\/posts"}],"about":[{"href":"https:\/\/informacionlocal.es\/de\/wp-json\/wp\/v2\/types\/post"}],"author":[{"embeddable":true,"href":"https:\/\/informacionlocal.es\/de\/wp-json\/wp\/v2\/users\/1"}],"replies":[{"embeddable":true,"href":"https:\/\/informacionlocal.es\/de\/wp-json\/wp\/v2\/comments?post=7262"}],"version-history":[{"count":0,"href":"https:\/\/informacionlocal.es\/de\/wp-json\/wp\/v2\/posts\/7262\/revisions"}],"wp:featuredmedia":[{"embeddable":true,"href":"https:\/\/informacionlocal.es\/de\/wp-json\/wp\/v2\/media\/7259"}],"wp:attachment":[{"href":"https:\/\/informacionlocal.es\/de\/wp-json\/wp\/v2\/media?parent=7262"}],"wp:term":[{"taxonomy":"category","embeddable":true,"href":"https:\/\/informacionlocal.es\/de\/wp-json\/wp\/v2\/categories?post=7262"},{"taxonomy":"post_tag","embeddable":true,"href":"https:\/\/informacionlocal.es\/de\/wp-json\/wp\/v2\/tags?post=7262"}],"curies":[{"name":"wp","href":"https:\/\/api.w.org\/{rel}","templated":true}]}}