{"id":7237,"date":"2025-07-10T22:00:38","date_gmt":"2025-07-10T21:00:38","guid":{"rendered":"https:\/\/informacionlocal.es\/die-stadtverwaltung-von-pajara-erhaelt-eine-gerichtliche-genehmigung-fuer-den-zugang-zur-entsalzungsanlage-in-costa-calma\/"},"modified":"2025-07-10T22:00:38","modified_gmt":"2025-07-10T21:00:38","slug":"die-stadtverwaltung-von-pajara-erhaelt-eine-gerichtliche-genehmigung-fuer-den-zugang-zur-entsalzungsanlage-in-costa-calma","status":"publish","type":"post","link":"https:\/\/informacionlocal.es\/de\/die-stadtverwaltung-von-pajara-erhaelt-eine-gerichtliche-genehmigung-fuer-den-zugang-zur-entsalzungsanlage-in-costa-calma\/","title":{"rendered":"Die Stadtverwaltung von P\u00e1jara erh\u00e4lt eine gerichtliche Genehmigung f\u00fcr den Zugang zur Entsalzungsanlage in Costa Calma"},"content":{"rendered":"<div class=\"entry-content\">\n<p><b><i>Das Konsistorium wird in der Lage sein, die Anlagen zu inspizieren, um die Ausschreibung f\u00fcr die lokale Wasserversorgung voranzutreiben.  <\/i><\/b><\/p>\n<p><span>Die Stadtverwaltung von P\u00e1jara hat heute einen Gerichtsbeschluss erhalten, der ihr den Zugang zur Entsalzungsanlage in Costa Calma gestattet, um die notwendigen Informationen f\u00fcr die Fortsetzung des Ausschreibungsverfahrens f\u00fcr die Wasserversorgung zu erhalten.  <\/span><\/p>\n<p><span>Der Richter hat das Unternehmen Fuertcan S.L. aufgefordert, dem technischen Personal der Gemeinde den Zutritt zu gestatten, um den aktuellen Zustand der Anlagen zu bewerten und \u00fcber die notwendigen Daten zu verf\u00fcgen, um den k\u00fcnftigen Vertrag \u00fcber die Erbringung der Dienstleistung korrekt zu dimensionieren.  <\/span><\/p>\n<p><span>Die Regierungsgruppe unterstreicht, dass sie stets eine Haltung des Dialogs und der Suche nach L\u00f6sungen, die das allgemeine Interesse der B\u00fcrger gew\u00e4hrleisten, beibehalten hat. In diesem Sinne soll die Zusammenarbeit mit Fuertcan, S.L. den Zugang zur Infrastruktur erleichtern und den Beginn des Vergabeverfahrens erm\u00f6glichen.   <\/span><\/p>\n<p><span>Damit bekr\u00e4ftigt das Konsistorium sein festes Engagement f\u00fcr die Verbesserung der wesentlichen \u00f6ffentlichen Dienstleistungen und wird sich weiterhin f\u00fcr eine effiziente und sichere Wasserversorgung einsetzen, die den Bed\u00fcrfnissen der Einwohner von Costa Calma entspricht.  <\/span><\/p>\n<\/div>\n","protected":false},"excerpt":{"rendered":"<p><i>Das Konsistorium wird in der Lage sein, die Anlagen zu inspizieren, um die Ausschreibung f\u00fcr die lokale Wasserversorgung voranzutreiben.  <\/i><\/p>\n","protected":false},"author":1,"featured_media":7235,"comment_status":"open","ping_status":"open","sticky":false,"template":"","format":"standard","meta":{"inline_featured_image":false,"jnews-multi-image_gallery":[],"jnews_single_post":[],"jnews_primary_category":[],"jnews_social_meta":[],"jnews_override_counter":[],"jnews_post_split":[],"footnotes":""},"categories":[297],"tags":[197],"class_list":["post-7237","post","type-post","status-publish","format-standard","has-post-thumbnail","hentry","category-pajara-de","tag-offentliche-dienste"],"jetpack_featured_media_url":"https:\/\/informacionlocal.es\/wp-content\/uploads\/2025\/07\/costa-calma.png","_links":{"self":[{"href":"https:\/\/informacionlocal.es\/de\/wp-json\/wp\/v2\/posts\/7237","targetHints":{"allow":["GET"]}}],"collection":[{"href":"https:\/\/informacionlocal.es\/de\/wp-json\/wp\/v2\/posts"}],"about":[{"href":"https:\/\/informacionlocal.es\/de\/wp-json\/wp\/v2\/types\/post"}],"author":[{"embeddable":true,"href":"https:\/\/informacionlocal.es\/de\/wp-json\/wp\/v2\/users\/1"}],"replies":[{"embeddable":true,"href":"https:\/\/informacionlocal.es\/de\/wp-json\/wp\/v2\/comments?post=7237"}],"version-history":[{"count":0,"href":"https:\/\/informacionlocal.es\/de\/wp-json\/wp\/v2\/posts\/7237\/revisions"}],"wp:featuredmedia":[{"embeddable":true,"href":"https:\/\/informacionlocal.es\/de\/wp-json\/wp\/v2\/media\/7235"}],"wp:attachment":[{"href":"https:\/\/informacionlocal.es\/de\/wp-json\/wp\/v2\/media?parent=7237"}],"wp:term":[{"taxonomy":"category","embeddable":true,"href":"https:\/\/informacionlocal.es\/de\/wp-json\/wp\/v2\/categories?post=7237"},{"taxonomy":"post_tag","embeddable":true,"href":"https:\/\/informacionlocal.es\/de\/wp-json\/wp\/v2\/tags?post=7237"}],"curies":[{"name":"wp","href":"https:\/\/api.w.org\/{rel}","templated":true}]}}