{"id":7227,"date":"2025-07-10T19:58:36","date_gmt":"2025-07-10T18:58:36","guid":{"rendered":"https:\/\/informacionlocal.es\/verbenas-feuerwerk-und-maritimer-landumzug-am-grossen-festwochenende-in-las-salinas\/"},"modified":"2025-07-10T19:58:36","modified_gmt":"2025-07-10T18:58:36","slug":"verbenas-feuerwerk-und-maritimer-landumzug-am-grossen-festwochenende-in-las-salinas","status":"publish","type":"post","link":"https:\/\/informacionlocal.es\/de\/verbenas-feuerwerk-und-maritimer-landumzug-am-grossen-festwochenende-in-las-salinas\/","title":{"rendered":"Verbenas, Feuerwerk und maritimer Landumzug am gro\u00dfen Festwochenende in Las Salinas"},"content":{"rendered":"<div class=\"elementor-widget-container\">\n<p><strong>Verbenas, Feuerwerk und maritimer Landumzug am gro\u00dfen Festwochenende in Las Salinas<\/strong><\/p>\n<p><strong>&#8211; Auf der B\u00fchne werden lokale K\u00fcnstler vorgestellt: Escala en HiFi um 20 Uhr, gefolgt von der S\u00e4ngerin Aleo und um 23 Uhr von den Gruppen Mejor con Copas und La Banda del Cuco.<\/strong><br \/><strong>&#8211; Am Samstag von 22:00 Uhr bis in die fr\u00fchen Morgenstunden Gran Verbena mit Kandela, der Gruppe Pachanga und dem Orquesta Estrella Latina, nur unterbrochen von der aquatisch-terrestrischen Pyrotechnik um 00:00 Uhr.  <\/strong><br \/><strong>&#8211; Las Salinas schlie\u00dft seine Feste an diesem Sonntag ab und feiert ab 13:30 Uhr die maritime Landprozession zu Ehren Unserer Lieben Frau von Carmen, begleitet von den Parrandas El Campillo und Juan Pe\u00f1a.  <\/strong><br \/><strong>&#8211; Die Orchester Estrella Latina, Jacomar und D\u00fao Fantas\u00eda werden an diesem Sonntag ab 16:00 Uhr die Fiestas de Las Salinas abrunden.<\/strong><\/p>\n<p>Die Fiestas de Las Salinas zu Ehren von Nuestra Se\u00f1ora del Carmen werden an diesem Wochenende stilvoll mit fr\u00fchmorgendlichen Feierlichkeiten, einem spektakul\u00e4ren Feuerwerk, Turnieren, Batucadas, der Maritimen Landprozession und der beliebten Verabschiedung mit Parrandas aus Antigua und herausragenden Orchestern begangen.<\/p>\n<p>Die Fiestas von Salinas werden von der Stadt selbst und vor allem zum Vergn\u00fcgen ihrer Nachbarn organisiert, mit Freunden, der Familie und all jenen, die Tage verbringen wollen, an denen es an Musik, Spielen, Turnieren und Kinderfesten nicht mangelt, sagt der B\u00fcrgermeister Mat\u00edas Pe\u00f1a.<\/p>\n<p>Der Stadtrat f\u00fcr Festlichkeiten, Pedro M. Armas, hat es nicht vers\u00e4umt, die Arbeit des Festkomitees hervorzuheben, das bei der Organisation von Turnieren und Wettbewerben an vorderster Front steht und als erstes T\u00e4nze und Freiluftt\u00e4nze anbietet.<\/p>\n<p>Vor uns liegt ein gro\u00dfartiges Wochenende mit den Fiestas de Las Salinas, an dem wir am Freitag ab 16.00 Uhr den Micromacram\u00e9-Workshop des bekannten und beliebten Kunsthandwerkers des Dorfes, Mart\u00edn, genie\u00dfen k\u00f6nnen, gefolgt von einer Lucha-Canaria-Ausstellung, an der auch die Wagemutigen teilnehmen k\u00f6nnen, und dann werden um 20.00 Uhr die Stars des Dorfes auf der B\u00fchne der Escala en Hifi alles f\u00fcr ihr Publikum und ihr Dorf geben.<\/p>\n<p>Ein Freitagabend mit Auftritten, schlie\u00dft Stadtrat Pedro Armas, mit dem S\u00e4nger Aleo und den bekannten und mit Spannung erwarteten Gruppen Mejor con Copas und La Banda del Cuco.<\/p>\n<\/div>\n","protected":false},"excerpt":{"rendered":"<p><strong>Verbenas, Feuerwerk und maritimer Landumzug am gro\u00dfen Festwochenende in Las Salinas<\/strong><\/p>\n","protected":false},"author":1,"featured_media":7223,"comment_status":"open","ping_status":"open","sticky":false,"template":"","format":"standard","meta":{"inline_featured_image":false,"jnews-multi-image_gallery":[],"jnews_single_post":[],"jnews_primary_category":[],"jnews_social_meta":[],"jnews_override_counter":[],"jnews_post_split":[],"footnotes":""},"categories":[283],"tags":[],"class_list":["post-7227","post","type-post","status-publish","format-standard","has-post-thumbnail","hentry","category-antigua-de"],"jetpack_featured_media_url":"https:\/\/informacionlocal.es\/wp-content\/uploads\/2025\/07\/las-salinas-celebra-talleres-de-artesania-y-artes-de-pesca-2.jpg","_links":{"self":[{"href":"https:\/\/informacionlocal.es\/de\/wp-json\/wp\/v2\/posts\/7227","targetHints":{"allow":["GET"]}}],"collection":[{"href":"https:\/\/informacionlocal.es\/de\/wp-json\/wp\/v2\/posts"}],"about":[{"href":"https:\/\/informacionlocal.es\/de\/wp-json\/wp\/v2\/types\/post"}],"author":[{"embeddable":true,"href":"https:\/\/informacionlocal.es\/de\/wp-json\/wp\/v2\/users\/1"}],"replies":[{"embeddable":true,"href":"https:\/\/informacionlocal.es\/de\/wp-json\/wp\/v2\/comments?post=7227"}],"version-history":[{"count":0,"href":"https:\/\/informacionlocal.es\/de\/wp-json\/wp\/v2\/posts\/7227\/revisions"}],"wp:featuredmedia":[{"embeddable":true,"href":"https:\/\/informacionlocal.es\/de\/wp-json\/wp\/v2\/media\/7223"}],"wp:attachment":[{"href":"https:\/\/informacionlocal.es\/de\/wp-json\/wp\/v2\/media?parent=7227"}],"wp:term":[{"taxonomy":"category","embeddable":true,"href":"https:\/\/informacionlocal.es\/de\/wp-json\/wp\/v2\/categories?post=7227"},{"taxonomy":"post_tag","embeddable":true,"href":"https:\/\/informacionlocal.es\/de\/wp-json\/wp\/v2\/tags?post=7227"}],"curies":[{"name":"wp","href":"https:\/\/api.w.org\/{rel}","templated":true}]}}