{"id":7179,"date":"2025-07-10T15:58:30","date_gmt":"2025-07-10T14:58:30","guid":{"rendered":"https:\/\/informacionlocal.es\/das-rathaus-von-pajara-verstaerkt-die-sicherheit-waehrend-der-fiestas-mit-einem-videoueberwachungssystem\/"},"modified":"2025-07-10T15:58:30","modified_gmt":"2025-07-10T14:58:30","slug":"das-rathaus-von-pajara-verstaerkt-die-sicherheit-waehrend-der-fiestas-mit-einem-videoueberwachungssystem","status":"publish","type":"post","link":"https:\/\/informacionlocal.es\/de\/das-rathaus-von-pajara-verstaerkt-die-sicherheit-waehrend-der-fiestas-mit-einem-videoueberwachungssystem\/","title":{"rendered":"Das Rathaus von P\u00e1jara verst\u00e4rkt die Sicherheit w\u00e4hrend der Fiestas mit einem Video\u00fcberwachungssystem."},"content":{"rendered":"<div class=\"entry-content\">\n<p><b><i>F\u00fcr die Feierlichkeiten in Nuestra Se\u00f1ora del Carmen und Playa de la Cebada werden 43 Kameras an strategischen Punkten aufgestellt.<\/i><\/b><\/p>\n<p><span>Das Rathaus von P\u00e1jara unternimmt mit der Installation von insgesamt dreiundvierzig Video\u00fcberwachungskameras im Bereich der Plaza de Los Pescadores und ihrer Umgebung, einschlie\u00dflich der Gasse, der Allee, der Stra\u00dfe San Miguel und des gesamten Parkplatzes, einen wichtigen Schritt im Hinblick auf die \u00f6ffentliche Sicherheit.  <\/span><\/p>\n<p><span>Diese Aktion umfasste eine Gesamtinvestition von 15.400 Euro, um die Sicherheit bei \u00f6ffentlichen Veranstaltungen und insbesondere im Rahmen der Feierlichkeiten von Nuestra Se\u00f1ora del Carmen und des Cebada Beach Festivals zu gew\u00e4hrleisten.  <\/span><\/p>\n<p><span>Gestern stellten die Pr\u00e4sidentin der Inselregierung von Fuerteventura, Lola Garc\u00eda, der B\u00fcrgermeister von P\u00e1jara, Alejandro Jorge, der erste stellvertretende B\u00fcrgermeister, Alexis Alonso, der Stadtrat f\u00fcr Sicherheit und Notf\u00e4lle, Raimundo Dacosta, und die Stadtr\u00e4tin f\u00fcr Kultur, Raquel Acosta, dieses neue Kamerasystem vor, das w\u00e4hrend der Feierlichkeiten voll einsatzf\u00e4hig sein wird. Das System wird es den Polizeikr\u00e4ften erm\u00f6glichen, im Falle eines Falles effizienter zu handeln.   <\/span><\/p>\n<p><span>B\u00fcrgermeister Alejandro Jorge betont, wie wichtig es ist, &#8222;die f\u00fcr den Schutz der \u00d6ffentlichkeit bereitgestellten Mittel weiter zu erh\u00f6hen&#8220;. &#8222;Aus kommunaler Sicht und mit den uns zustehenden Befugnissen ist P\u00e1jara ein Beispiel daf\u00fcr, was es bedeutet, personelle und materielle Ressourcen zur St\u00e4rkung der Pr\u00e4vention und der \u00f6ffentlichen Ordnung einzusetzen&#8220;, f\u00fcgt er hinzu.   <\/span><\/p>\n<p><span>Der Stadtrat f\u00fcr Sicherheit und Notf\u00e4lle, Raimundo Dacosta, betont seinerseits, dass &#8222;die Installation dieser Kameras nicht nur die F\u00e4higkeit zur sofortigen Reaktion auf m\u00f6gliche Vorf\u00e4lle verbessert, sondern auch eine abschreckende Wirkung hat, die dazu beitr\u00e4gt, unerw\u00fcnschte Situationen zu vermeiden&#8220;.<\/span><\/p>\n<p><span>Auch die Stadtr\u00e4tin f\u00fcr Kultur, Raquel Acosta, weist darauf hin, dass mit diesen Ma\u00dfnahmen unsere Feste &#8222;eine sicherere Umgebung haben werden, die es Einwohnern und Touristen erm\u00f6glicht, jede der programmierten Aktivit\u00e4ten zu genie\u00dfen&#8220;.  <\/span><\/p>\n<p><span>Die Installation dieses \u00dcberwachungssystems entspricht dem Engagement der Stadtverwaltung f\u00fcr die Pr\u00e4vention und die kontinuierliche Verbesserung der Sicherheit in Situationen mit hoher B\u00fcrgerkonzentration.  <\/span><\/p>\n<\/div>\n","protected":false},"excerpt":{"rendered":"<p><i>F\u00fcr die Feierlichkeiten in Nuestra Se\u00f1ora del Carmen und Playa de la Cebada werden 43 Kameras an strategischen Punkten aufgestellt.<\/i><\/p>\n","protected":false},"author":1,"featured_media":7175,"comment_status":"open","ping_status":"open","sticky":false,"template":"","format":"standard","meta":{"inline_featured_image":false,"jnews-multi-image_gallery":[],"jnews_single_post":[],"jnews_primary_category":[],"jnews_social_meta":[],"jnews_override_counter":[],"jnews_post_split":[],"footnotes":""},"categories":[297],"tags":[216],"class_list":["post-7179","post","type-post","status-publish","format-standard","has-post-thumbnail","hentry","category-pajara-de","tag-fuerteventura-de"],"jetpack_featured_media_url":"https:\/\/informacionlocal.es\/wp-content\/uploads\/2025\/07\/camaras.jpeg","_links":{"self":[{"href":"https:\/\/informacionlocal.es\/de\/wp-json\/wp\/v2\/posts\/7179","targetHints":{"allow":["GET"]}}],"collection":[{"href":"https:\/\/informacionlocal.es\/de\/wp-json\/wp\/v2\/posts"}],"about":[{"href":"https:\/\/informacionlocal.es\/de\/wp-json\/wp\/v2\/types\/post"}],"author":[{"embeddable":true,"href":"https:\/\/informacionlocal.es\/de\/wp-json\/wp\/v2\/users\/1"}],"replies":[{"embeddable":true,"href":"https:\/\/informacionlocal.es\/de\/wp-json\/wp\/v2\/comments?post=7179"}],"version-history":[{"count":0,"href":"https:\/\/informacionlocal.es\/de\/wp-json\/wp\/v2\/posts\/7179\/revisions"}],"wp:featuredmedia":[{"embeddable":true,"href":"https:\/\/informacionlocal.es\/de\/wp-json\/wp\/v2\/media\/7175"}],"wp:attachment":[{"href":"https:\/\/informacionlocal.es\/de\/wp-json\/wp\/v2\/media?parent=7179"}],"wp:term":[{"taxonomy":"category","embeddable":true,"href":"https:\/\/informacionlocal.es\/de\/wp-json\/wp\/v2\/categories?post=7179"},{"taxonomy":"post_tag","embeddable":true,"href":"https:\/\/informacionlocal.es\/de\/wp-json\/wp\/v2\/tags?post=7179"}],"curies":[{"name":"wp","href":"https:\/\/api.w.org\/{rel}","templated":true}]}}