{"id":7154,"date":"2025-07-10T12:18:06","date_gmt":"2025-07-10T11:18:06","guid":{"rendered":"https:\/\/informacionlocal.es\/das-cabildo-investiert-86-millionen-euro-in-die-verbesserung-der-psychiatrischen-versorgung-auf-der-insel\/"},"modified":"2025-07-10T12:18:06","modified_gmt":"2025-07-10T11:18:06","slug":"das-cabildo-investiert-86-millionen-euro-in-die-verbesserung-der-psychiatrischen-versorgung-auf-der-insel","status":"publish","type":"post","link":"https:\/\/informacionlocal.es\/de\/das-cabildo-investiert-86-millionen-euro-in-die-verbesserung-der-psychiatrischen-versorgung-auf-der-insel\/","title":{"rendered":"Das Cabildo investiert 8,6 Millionen Euro in die Verbesserung der psychiatrischen Versorgung auf der Insel"},"content":{"rendered":"<div class=\"entry-content\"><strong>10 Juli, 2025<\/strong><\/p>\n<p><em><strong>Das Ministerium f\u00fcr Soziales schreibt den neuen Vertrag f\u00fcr die Verwaltung des k\u00fcnftigen Wohnheims f\u00fcr psychisch Kranke auf der Insel sowie f\u00fcr die Tageszentren und das Programm f\u00fcr betreutes Wohnen f\u00fcr psychisch Kranke auf der Insel aus.<\/strong><\/em><\/p>\n<p><em><strong>Der neue Vertrag umfasst mehr als 50 Mitarbeiter f\u00fcr die Betreuung dieser Menschen.<\/strong><\/em><\/p>\n<p>Die Inselregierung von Fuerteventura investiert 8,6 Millionen Euro in die Verbesserung der psychiatrischen Versorgung auf der Insel. Die Inselgesellschaft hat \u00fcber die Abteilung f\u00fcr soziale Ma\u00dfnahmen den neuen Vertrag f\u00fcr die Verwaltung der k\u00fcnftigen Inselresidenz f\u00fcr psychische Gesundheit sowie der Tageszentren und des Programms f\u00fcr betreutes Wohnen f\u00fcr psychische Gesundheit auf der Insel ausgeschrieben, das mehr als 80 Sozial- und Gesundheitsf\u00fcrsorgepl\u00e4tze in diesem Bereich anbieten wird. <\/p>\n<p>Der neue Auftrag wurde f\u00fcr 8.661.688,53 \u20ac ausgeschrieben. Interessierte Parteien k\u00f6nnen ihre Bewerbungen bis zum 7. August einreichen. Alle Informationen k\u00f6nnen auf dem Vergabeprofil des Cabildo eingesehen werden: https:\/\/sede.cabildofuer.es\/eAdmin\/PerfilContratante.do?action=verPublicacion&amp;identif=89B85A572C6E024A  <\/p>\n<p>Die Pr\u00e4sidentin des Cabildo, Lola Garc\u00eda, hob &#8222;die Aufmerksamkeit f\u00fcr die Menschen als eine der wichtigsten Priorit\u00e4ten der Regierungsgruppe der Inselgesellschaft hervor. Mit diesem wichtigen Schritt verbessern wir die Aufmerksamkeit und Betreuung der Menschen, die es am meisten brauchen, in diesem Fall im Bereich der psychischen Gesundheit, und erf\u00fcllen damit eine Forderung der Patienten und ihrer Familien&#8220;.<\/p>\n<p>Die Inselresidenz f\u00fcr psychische Gesundheit wird \u00fcber 20 Pl\u00e4tze verf\u00fcgen, wobei eine Erweiterung auf 30 Pl\u00e4tze geplant ist, plus 5 Pl\u00e4tze im Rahmen des Programms f\u00fcr Familienaufenthalte und Notfallbetreuung. &#8222;Diese Einrichtung wird eine umfassende Betreuung bieten, um die Lebensqualit\u00e4t der Nutzer zu verbessern und nicht nur ihre Unterbringung, Pflege und Genesung, sondern auch die F\u00f6rderung ihrer Autonomie und ihrer pers\u00f6nlichen und sozialen F\u00e4higkeiten zu unterst\u00fctzen&#8220;, erkl\u00e4rt der Stadtrat f\u00fcr soziale Ma\u00dfnahmen, V\u00edctor Alonso. <\/p>\n<p>Die Tageszentren f\u00fcr psychosoziale Rehabilitation in Gran Tarajal und Puerto del Rosario verf\u00fcgen \u00fcber jeweils zwanzig Pl\u00e4tze. Dar\u00fcber hinaus gibt es den Dienst zur F\u00f6rderung der pers\u00f6nlichen Autonomie zu Hause (SPAP) sowie die Programme f\u00fcr betreutes Wohnen in Internaten und betreutem Wohnen. <\/p>\n<p>Dank des neuen Vertrags werden die Dienste mit mehr als 50 Mitarbeitern (Sozialarbeiter, Ergotherapeuten, Techniker f\u00fcr soziale Integration, Pflegekr\u00e4fte, Erzieher usw.) angeboten. Der Kanarische Gesundheitsdienst stellt aufgrund einer Vereinbarung mit dem Cabildo auch verschiedene Berufsprofile wie Krankenschwestern, Psychologen, Psychiater und Sozialarbeiter zur Verf\u00fcgung.<\/p>\n<\/div>\n","protected":false},"excerpt":{"rendered":"<p>10 Juli, 2025 Das Ministerium f\u00fcr Soziales schreibt den neuen Vertrag f\u00fcr die Verwaltung des k\u00fcnftigen Wohnheims f\u00fcr psychisch Kranke auf der Insel sowie f\u00fcr die Tageszentren und das Programm [&hellip;]<\/p>\n","protected":false},"author":1,"featured_media":7151,"comment_status":"open","ping_status":"open","sticky":false,"template":"","format":"standard","meta":{"inline_featured_image":false,"jnews-multi-image_gallery":[],"jnews_single_post":[],"jnews_primary_category":[],"jnews_social_meta":[],"jnews_override_counter":[],"jnews_post_split":[],"footnotes":""},"categories":[287],"tags":[323,216,213],"class_list":["post-7154","post","type-post","status-publish","format-standard","has-post-thumbnail","hentry","category-cabildo-de","tag-aufenthalt","tag-fuerteventura-de","tag-integration-de"],"jetpack_featured_media_url":"https:\/\/informacionlocal.es\/wp-content\/uploads\/2025\/07\/eee-4.jpeg","_links":{"self":[{"href":"https:\/\/informacionlocal.es\/de\/wp-json\/wp\/v2\/posts\/7154","targetHints":{"allow":["GET"]}}],"collection":[{"href":"https:\/\/informacionlocal.es\/de\/wp-json\/wp\/v2\/posts"}],"about":[{"href":"https:\/\/informacionlocal.es\/de\/wp-json\/wp\/v2\/types\/post"}],"author":[{"embeddable":true,"href":"https:\/\/informacionlocal.es\/de\/wp-json\/wp\/v2\/users\/1"}],"replies":[{"embeddable":true,"href":"https:\/\/informacionlocal.es\/de\/wp-json\/wp\/v2\/comments?post=7154"}],"version-history":[{"count":0,"href":"https:\/\/informacionlocal.es\/de\/wp-json\/wp\/v2\/posts\/7154\/revisions"}],"wp:featuredmedia":[{"embeddable":true,"href":"https:\/\/informacionlocal.es\/de\/wp-json\/wp\/v2\/media\/7151"}],"wp:attachment":[{"href":"https:\/\/informacionlocal.es\/de\/wp-json\/wp\/v2\/media?parent=7154"}],"wp:term":[{"taxonomy":"category","embeddable":true,"href":"https:\/\/informacionlocal.es\/de\/wp-json\/wp\/v2\/categories?post=7154"},{"taxonomy":"post_tag","embeddable":true,"href":"https:\/\/informacionlocal.es\/de\/wp-json\/wp\/v2\/tags?post=7154"}],"curies":[{"name":"wp","href":"https:\/\/api.w.org\/{rel}","templated":true}]}}