{"id":7141,"date":"2025-07-10T11:00:22","date_gmt":"2025-07-10T10:00:22","guid":{"rendered":"https:\/\/informacionlocal.es\/die-beschneidung-der-palmen-stellt-die-pracht-und-sicherheit-der-gruenanlage-des-ceip-morro-jable-wieder-her\/"},"modified":"2025-07-10T11:00:22","modified_gmt":"2025-07-10T10:00:22","slug":"die-beschneidung-der-palmen-stellt-die-pracht-und-sicherheit-der-gruenanlage-des-ceip-morro-jable-wieder-her","status":"publish","type":"post","link":"https:\/\/informacionlocal.es\/de\/die-beschneidung-der-palmen-stellt-die-pracht-und-sicherheit-der-gruenanlage-des-ceip-morro-jable-wieder-her\/","title":{"rendered":"Die Beschneidung der Palmen stellt die Pracht und Sicherheit der Gr\u00fcnanlage des CEIP Morro Jable wieder her"},"content":{"rendered":"<div class=\"entry-content\"><strong>10 Juli, 2025<\/strong><\/p>\n<p><strong>Im Rahmen der Aktion &#8222;Fuerteventura, sch\u00f6n von der Natur&#8220; wurde eine Fl\u00e4che von 9.000 Quadratmetern von Unkraut, Palmenbl\u00e4ttern und M\u00fcll befreit.<\/strong><\/p>\n<p>Ein intensiver Einsatz, mit schwierigem Zugang, ohne Maschinen und in Kombination mit dem Schulkalender und der Feldarbeit. Der Beschnitt der Palmen und die Beseitigung von Unrat, Unkraut und trockenem Laub auf einem 9.000 Quadratmeter gro\u00dfen Grundst\u00fcck neben dem CEIP Morro Jable l\u00e4uft bereits seit mehreren Wochen. <\/p>\n<p>Das Cabildo von Fuerteventura schickte in Zusammenarbeit mit dem Rathaus von P\u00e1jara und der Abteilung f\u00fcr Arbeiten und Maschinen Mannschaften, um die Pracht und Sicherheit dieser Gr\u00fcnfl\u00e4che wiederherzustellen. Sie entfernten 70 Kubikmeter Palmen- und Baumschnitt, 10 Kubikmeter Unkraut und Unrat sowie 2 Kubikmeter M\u00fcll.<\/p>\n<p>Die Pr\u00e4sidentin des Cabildo von Fuerteventura, Lola Garc\u00eda, erkl\u00e4rt, dass die Ma\u00dfnahmen in der Umgebung des CEIP Morro Jable vom Leitungsteam und der Bildungsgemeinschaft des Zentrums gew\u00fcnscht wurden und in das Programm &#8222;Fuerteventura, sch\u00f6n durch die Natur&#8220; des Cabildo in Abstimmung mit dem Stadtrat aufgenommen wurden. Die Stadtr\u00e4tin f\u00fcr Umwelt und Bildung von P\u00e1jara, \u00c1ngeles Acosta, war ebenfalls bei dem Besuch anwesend, um sich die Ergebnisse der Arbeiten anzusehen. <\/p>\n<p>Aufgrund der Gel\u00e4ndebeschaffenheit war der Einsatz von Maschinen nicht m\u00f6glich, so dass die Besatzungsmitglieder die \u00dcberreste des Baumschnitts und der Rodung sowie den M\u00fcll von Hand entfernen mussten. &#8222;Eine harte, aber notwendige Arbeit, um diese Gr\u00fcnfl\u00e4che den B\u00fcrgern und insbesondere den Schulkindern zur\u00fcckzugeben&#8220;, sagt der Stadtrat Blas Acosta, der den Arbeitern der Besatzungen seinen Dank ausspricht &#8222;f\u00fcr ihr Engagement, eine harte und schwierige, aber gut gemachte Arbeit in einem sensiblen Bereich, der von unseren Schulkindern frequentiert wird, auszuf\u00fchren&#8220;. <\/p>\n<p>Aufgrund des steilen Abhangs des Gel\u00e4ndes, der den Einsatz von Maschinen verhinderte, wurden die Arbeiten von Hand ausgef\u00fchrt und begannen im oberen Bereich, direkt an der Stra\u00dfe. Sie wurden im mittleren und unteren Bereich fortgesetzt, wo die Arbeit aufgrund der Bodenbeschaffenheit und der Palmen intensiver war. Der Zeitplan f\u00fcr die Arbeiten wurde an den Schulkalender angepasst, wobei die Arbeiten in dem Bereich, der dem CEIP Morro Jable am n\u00e4chsten liegt, bis zum Ende des Schuljahres unterbrochen wurden, um Unannehmlichkeiten f\u00fcr die Sch\u00fcler zu vermeiden.  <\/p>\n<p>Blas Acosta betont, dass die Investition von vier Millionen Euro aus Eigenmitteln des Cabildo in das Projekt &#8222;Fuerteventura, sch\u00f6n in der Natur&#8220; &#8222;es uns erm\u00f6glicht, Aktionen flexibel und beweglich zu programmieren und so besser auf die Anforderungen der B\u00fcrger und der Stadtverwaltungen zu reagieren&#8220;.<\/p>\n<\/div>\n","protected":false},"excerpt":{"rendered":"<p>10 Juli, 2025 Im Rahmen der Aktion &#8222;Fuerteventura, sch\u00f6n von der Natur&#8220; wurde eine Fl\u00e4che von 9.000 Quadratmetern von Unkraut, Palmenbl\u00e4ttern und M\u00fcll befreit. Ein intensiver Einsatz, mit schwierigem Zugang, [&hellip;]<\/p>\n","protected":false},"author":1,"featured_media":7139,"comment_status":"open","ping_status":"open","sticky":false,"template":"","format":"standard","meta":{"inline_featured_image":false,"jnews-multi-image_gallery":[],"jnews_single_post":[],"jnews_primary_category":[],"jnews_social_meta":[],"jnews_override_counter":[],"jnews_post_split":[],"footnotes":""},"categories":[287],"tags":[306,216,199],"class_list":["post-7141","post","type-post","status-publish","format-standard","has-post-thumbnail","hentry","category-cabildo-de","tag-educacion-de","tag-fuerteventura-de","tag-umwelt"],"jetpack_featured_media_url":"https:\/\/informacionlocal.es\/wp-content\/uploads\/2025\/07\/ee.jpeg","_links":{"self":[{"href":"https:\/\/informacionlocal.es\/de\/wp-json\/wp\/v2\/posts\/7141","targetHints":{"allow":["GET"]}}],"collection":[{"href":"https:\/\/informacionlocal.es\/de\/wp-json\/wp\/v2\/posts"}],"about":[{"href":"https:\/\/informacionlocal.es\/de\/wp-json\/wp\/v2\/types\/post"}],"author":[{"embeddable":true,"href":"https:\/\/informacionlocal.es\/de\/wp-json\/wp\/v2\/users\/1"}],"replies":[{"embeddable":true,"href":"https:\/\/informacionlocal.es\/de\/wp-json\/wp\/v2\/comments?post=7141"}],"version-history":[{"count":0,"href":"https:\/\/informacionlocal.es\/de\/wp-json\/wp\/v2\/posts\/7141\/revisions"}],"wp:featuredmedia":[{"embeddable":true,"href":"https:\/\/informacionlocal.es\/de\/wp-json\/wp\/v2\/media\/7139"}],"wp:attachment":[{"href":"https:\/\/informacionlocal.es\/de\/wp-json\/wp\/v2\/media?parent=7141"}],"wp:term":[{"taxonomy":"category","embeddable":true,"href":"https:\/\/informacionlocal.es\/de\/wp-json\/wp\/v2\/categories?post=7141"},{"taxonomy":"post_tag","embeddable":true,"href":"https:\/\/informacionlocal.es\/de\/wp-json\/wp\/v2\/tags?post=7141"}],"curies":[{"name":"wp","href":"https:\/\/api.w.org\/{rel}","templated":true}]}}