{"id":7129,"date":"2025-07-10T10:00:45","date_gmt":"2025-07-10T09:00:45","guid":{"rendered":"https:\/\/informacionlocal.es\/tecnofest-foerdert-die-verbindung-zwischen-lokalen-talenten-und-dem-wirtschaftsgefuege-der-insel\/"},"modified":"2025-07-10T10:00:45","modified_gmt":"2025-07-10T09:00:45","slug":"tecnofest-foerdert-die-verbindung-zwischen-lokalen-talenten-und-dem-wirtschaftsgefuege-der-insel","status":"publish","type":"post","link":"https:\/\/informacionlocal.es\/de\/tecnofest-foerdert-die-verbindung-zwischen-lokalen-talenten-und-dem-wirtschaftsgefuege-der-insel\/","title":{"rendered":"Tecnofest f\u00f6rdert die Verbindung zwischen lokalen Talenten und dem Wirtschaftsgef\u00fcge der Insel"},"content":{"rendered":"<div class=\"entry-content\"><strong>10 Juli, 2025<\/strong><\/p>\n<p><em><strong>Unternehmen, B\u00fcrger und Experten haben sich Gedanken \u00fcber die Bedeutung der Technologie f\u00fcr die t\u00e4glichen Herausforderungen von Gesellschaft und Wirtschaft gemacht.<\/strong><\/em><\/p>\n<p>Das Cabildo de Fuerteventura hat \u00fcber den Bereich Neue Technologien unter der Leitung von Stadtr\u00e4tin Carmen Alonso die Konferenz TecnoFest Fuerteventura erfolgreich durchgef\u00fchrt. Ein innovatives Format, bei dem Unternehmen und B\u00fcrger \u00fcber die Bedeutung der Technologie f\u00fcr die t\u00e4glichen Herausforderungen in Wirtschaft und Gesellschaft nachgedacht haben. <\/p>\n<p>Die Veranstaltung fand in der Stadt Lajares, in der Gemeinde La Oliva, statt. F\u00fcr die Stadtr\u00e4tin Carmen Alonso ist es wichtig, &#8222;dass die B\u00fcrger die technologischen Werkzeuge kennen und wissen, wie sie diese zum Nutzen der Menschen und Einrichtungen, die hier auf Fuerteventura leben und arbeiten, einsetzen k\u00f6nnen&#8220;. &#8222;Wir tun dies, indem wir die Technologie auf partizipative Weise n\u00e4her bringen und wertvolle Ideen einbringen, die unserem wirtschaftlichen und sozialen Gef\u00fcge zugute kommen&#8220;. W\u00e4hrend der Veranstaltung waren auch der Stadtrat f\u00fcr Kultur, David Hern\u00e1ndez, die Stadtr\u00e4tin f\u00fcr Handel, Alejandra Mart\u00edn, und der Stadtrat f\u00fcr Tourismus und Umwelt, David Fajardo, anwesend.   <\/p>\n<p>C\u00e9sar Garc\u00eda von der Beratungsfirma Bementory er\u00f6ffnete die Veranstaltung mit dem Vortrag &#8222;Wir leben in einer sich ver\u00e4ndernden Welt&#8220;, w\u00e4hrend der Verein My Fuerte Prod die aktuellen und realen Probleme Fuerteventuras im Bereich des Handels behandelte.<\/p>\n<p>Dar\u00fcber hinaus arbeiteten verschiedene multidisziplin\u00e4re Teams, die sich aus Personen mit unterschiedlichen Profilen und Hintergr\u00fcnden zusammensetzten, an realen Problemen, die von lokalen Unternehmen und Organisationen aufgeworfen wurden, und schlugen technologische L\u00f6sungen zur Bew\u00e4ltigung der ermittelten Herausforderungen vor. Begleitet wurden sie von Mentoren und Technologieexperten.   <\/p>\n<p>Carmen Alonso bedankte sich bei den Teilnehmern f\u00fcr ihr gro\u00dfes Engagement bei einer Veranstaltung, die gemeinschaftliche Arbeit, Workshops und Pr\u00e4sentationen miteinander verband. Ein Raum der Inspiration f\u00fcr die Verbindung zwischen lokalen Talenten und der kommerziellen Struktur der Insel. <\/p>\n<\/div>\n","protected":false},"excerpt":{"rendered":"<p>10 Juli, 2025 Unternehmen, B\u00fcrger und Experten haben sich Gedanken \u00fcber die Bedeutung der Technologie f\u00fcr die t\u00e4glichen Herausforderungen von Gesellschaft und Wirtschaft gemacht. Das Cabildo de Fuerteventura hat \u00fcber [&hellip;]<\/p>\n","protected":false},"author":1,"featured_media":7127,"comment_status":"open","ping_status":"open","sticky":false,"template":"","format":"standard","meta":{"inline_featured_image":false,"jnews-multi-image_gallery":[],"jnews_single_post":[],"jnews_primary_category":[],"jnews_social_meta":[],"jnews_override_counter":[],"jnews_post_split":[],"footnotes":""},"categories":[287],"tags":[216,199],"class_list":["post-7129","post","type-post","status-publish","format-standard","has-post-thumbnail","hentry","category-cabildo-de","tag-fuerteventura-de","tag-umwelt"],"jetpack_featured_media_url":"https:\/\/informacionlocal.es\/wp-content\/uploads\/2025\/07\/wwwewe.jpeg","_links":{"self":[{"href":"https:\/\/informacionlocal.es\/de\/wp-json\/wp\/v2\/posts\/7129","targetHints":{"allow":["GET"]}}],"collection":[{"href":"https:\/\/informacionlocal.es\/de\/wp-json\/wp\/v2\/posts"}],"about":[{"href":"https:\/\/informacionlocal.es\/de\/wp-json\/wp\/v2\/types\/post"}],"author":[{"embeddable":true,"href":"https:\/\/informacionlocal.es\/de\/wp-json\/wp\/v2\/users\/1"}],"replies":[{"embeddable":true,"href":"https:\/\/informacionlocal.es\/de\/wp-json\/wp\/v2\/comments?post=7129"}],"version-history":[{"count":0,"href":"https:\/\/informacionlocal.es\/de\/wp-json\/wp\/v2\/posts\/7129\/revisions"}],"wp:featuredmedia":[{"embeddable":true,"href":"https:\/\/informacionlocal.es\/de\/wp-json\/wp\/v2\/media\/7127"}],"wp:attachment":[{"href":"https:\/\/informacionlocal.es\/de\/wp-json\/wp\/v2\/media?parent=7129"}],"wp:term":[{"taxonomy":"category","embeddable":true,"href":"https:\/\/informacionlocal.es\/de\/wp-json\/wp\/v2\/categories?post=7129"},{"taxonomy":"post_tag","embeddable":true,"href":"https:\/\/informacionlocal.es\/de\/wp-json\/wp\/v2\/tags?post=7129"}],"curies":[{"name":"wp","href":"https:\/\/api.w.org\/{rel}","templated":true}]}}