{"id":7118,"date":"2025-07-09T20:02:19","date_gmt":"2025-07-09T19:02:19","guid":{"rendered":"https:\/\/informacionlocal.es\/der-toepferworkshop-der-ureinwohner-im-rahmen-des-programms-enredarte-des-cabildo-von-fuerteventura-geht-erfolgreich-zu-ende\/"},"modified":"2025-07-09T20:02:19","modified_gmt":"2025-07-09T19:02:19","slug":"der-toepferworkshop-der-ureinwohner-im-rahmen-des-programms-enredarte-des-cabildo-von-fuerteventura-geht-erfolgreich-zu-ende","status":"publish","type":"post","link":"https:\/\/informacionlocal.es\/de\/der-toepferworkshop-der-ureinwohner-im-rahmen-des-programms-enredarte-des-cabildo-von-fuerteventura-geht-erfolgreich-zu-ende\/","title":{"rendered":"Der T\u00f6pferworkshop der Ureinwohner im Rahmen des Programms &#8222;EnRedArte&#8220; des Cabildo von Fuerteventura geht erfolgreich zu Ende."},"content":{"rendered":"<div class=\"entry-content\"><strong>9. Juli, 2025<\/strong><\/p>\n<p>Das Cabildo de Fuerteventura hat \u00fcber die Abteilung f\u00fcr Kunsthandwerk den Workshop f\u00fcr einheimische und traditionelle T\u00f6pferwaren, der seit Juni letzten Jahres im Rahmen des Projekts zur Wiederherstellung und Verbreitung des Kunsthandwerks &#8222;EnRedarte&#8220; stattfand, erfolgreich abgeschlossen.<\/p>\n<p>Der Workshop wurde von dem Keramikhandwerker Jos\u00e9 Luis Aradas im Kulturzentrum von Tetir abgehalten und beinhaltete auch einen Vortrag des T\u00f6pfermeisters Silverio L\u00f3pez. Letzte Woche endete der Workshop mit der \u00dcberreichung der Diplome und dem Brennen der Keramikst\u00fccke direkt auf dem Feuer nach der traditionellen Methode. <\/p>\n<p>Die Stadtr\u00e4tin f\u00fcr Kunsthandwerk, Lolina Negr\u00edn, hob den Wert der &#8222;EnRedArte&#8220;-Workshops hervor, &#8222;die ein wirksames Instrument sind, um die Kontinuit\u00e4t verschiedener Handwerksarten zu gew\u00e4hrleisten, die Teil unserer kollektiven Identit\u00e4t sind&#8220;. In diesem Fall die traditionelle T\u00f6pferei, &#8222;die zu den Ausdrucksformen unserer Kultur geh\u00f6rt, mit Fertigkeiten und Techniken, die Teil des immateriellen Erbes von Fuerteventura und den Kanarischen Inseln sind&#8220;. <\/p>\n<p>Es handelt sich dabei um eine handwerkliche Praxis, die jahrhundertelang f\u00fcr die Versorgung der Gesellschaft mit Gegenst\u00e4nden des t\u00e4glichen Gebrauchs entscheidend war. Mit einem theoretisch-praktischen Ansatz lernten die Sch\u00fcler die Entwicklung dieser Tradition kennen, beginnend mit den von den Ureinwohnern verwendeten Techniken. Zu den behandelten Themen geh\u00f6rten die Gewinnung und Vorbereitung von Ton, die Verwendung traditioneller Werkzeuge, das Modellieren, die Verzierung und das direkte Brennen.    <\/p>\n<\/div>\n","protected":false},"excerpt":{"rendered":"<p>9. Juli, 2025 Das Cabildo de Fuerteventura hat \u00fcber die Abteilung f\u00fcr Kunsthandwerk den Workshop f\u00fcr einheimische und traditionelle T\u00f6pferwaren, der seit Juni letzten Jahres im Rahmen des Projekts zur [&hellip;]<\/p>\n","protected":false},"author":1,"featured_media":7115,"comment_status":"open","ping_status":"open","sticky":false,"template":"","format":"standard","meta":{"inline_featured_image":false,"jnews-multi-image_gallery":[],"jnews_single_post":[],"jnews_primary_category":[],"jnews_social_meta":[],"jnews_override_counter":[],"jnews_post_split":[],"footnotes":""},"categories":[287],"tags":[216],"class_list":["post-7118","post","type-post","status-publish","format-standard","has-post-thumbnail","hentry","category-cabildo-de","tag-fuerteventura-de"],"jetpack_featured_media_url":"https:\/\/informacionlocal.es\/wp-content\/uploads\/2025\/07\/eeee-3.jpeg","_links":{"self":[{"href":"https:\/\/informacionlocal.es\/de\/wp-json\/wp\/v2\/posts\/7118","targetHints":{"allow":["GET"]}}],"collection":[{"href":"https:\/\/informacionlocal.es\/de\/wp-json\/wp\/v2\/posts"}],"about":[{"href":"https:\/\/informacionlocal.es\/de\/wp-json\/wp\/v2\/types\/post"}],"author":[{"embeddable":true,"href":"https:\/\/informacionlocal.es\/de\/wp-json\/wp\/v2\/users\/1"}],"replies":[{"embeddable":true,"href":"https:\/\/informacionlocal.es\/de\/wp-json\/wp\/v2\/comments?post=7118"}],"version-history":[{"count":0,"href":"https:\/\/informacionlocal.es\/de\/wp-json\/wp\/v2\/posts\/7118\/revisions"}],"wp:featuredmedia":[{"embeddable":true,"href":"https:\/\/informacionlocal.es\/de\/wp-json\/wp\/v2\/media\/7115"}],"wp:attachment":[{"href":"https:\/\/informacionlocal.es\/de\/wp-json\/wp\/v2\/media?parent=7118"}],"wp:term":[{"taxonomy":"category","embeddable":true,"href":"https:\/\/informacionlocal.es\/de\/wp-json\/wp\/v2\/categories?post=7118"},{"taxonomy":"post_tag","embeddable":true,"href":"https:\/\/informacionlocal.es\/de\/wp-json\/wp\/v2\/tags?post=7118"}],"curies":[{"name":"wp","href":"https:\/\/api.w.org\/{rel}","templated":true}]}}