{"id":7106,"date":"2025-07-09T18:58:36","date_gmt":"2025-07-09T17:58:36","guid":{"rendered":"https:\/\/informacionlocal.es\/puerto-del-rosario-verbessert-die-sportplaetze-im-ceip-puerto-cabras\/"},"modified":"2025-07-09T18:58:36","modified_gmt":"2025-07-09T17:58:36","slug":"puerto-del-rosario-verbessert-die-sportplaetze-im-ceip-puerto-cabras","status":"publish","type":"post","link":"https:\/\/informacionlocal.es\/de\/puerto-del-rosario-verbessert-die-sportplaetze-im-ceip-puerto-cabras\/","title":{"rendered":"Puerto del Rosario verbessert die Sportpl\u00e4tze im CEIP Puerto Cabras"},"content":{"rendered":"<div class=\"entry-content\">\n<p><span>Die Stadtverwaltung von Puerto del Rosario hat \u00fcber das Bildungsministerium verschiedene Verbesserungen an den Sportanlagen des CEIP Puerto Cabras vorgenommen. Die durchgef\u00fchrten Arbeiten umfassten die komplette Neulackierung der Sportpl\u00e4tze und die Installation eines Trennzauns zwischen zwei von ihnen, um die gleichzeitige Aus\u00fcbung verschiedener k\u00f6rperlicher Aktivit\u00e4ten zu erleichtern, ohne dass sich die Sch\u00fcler gegenseitig st\u00f6ren. <\/span><\/p>\n<p><span>Diese Ma\u00dfnahmen gehen auf einen ausdr\u00fccklichen Wunsch der Schule zur\u00fcck und sind Teil des Engagements der Hauptstadt, weiterhin in die Verbesserung der schulischen Einrichtungen der Gemeinde zu investieren. Die Arbeiten werden w\u00e4hrend des Sommers fortgesetzt, um sicherzustellen, dass die Einrichtungen zu Beginn des n\u00e4chsten Schuljahres in einem optimalen Zustand sind. <\/span><\/p>\n<p><span>Der B\u00fcrgermeister von Puerto del Rosario, <strong>David de Vera<\/strong>, unterstrich die Bedeutung dieser Ma\u00dfnahmen und erkl\u00e4rte, dass <em>&#8222;Bildung eine der grundlegenden S\u00e4ulen des Handelns unserer Regierung ist. Aus diesem Grund setzen wir uns f\u00fcr die kontinuierliche Verbesserung der Schulinfrastrukturen ein, da wir uns bewusst sind, dass ein geeignetes Umfeld einen direkten Einfluss auf die Qualit\u00e4t der Bildung und das Wohlbefinden der Sch\u00fcler hat&#8220;.<\/em><\/span><\/p>\n<p><span>Die Stadtr\u00e4tin f\u00fcr Bildung, <strong>Tacoremi Guti\u00e9rrez<\/strong>, wies ihrerseits darauf hin, dass <em>&#8222;der Stadtrat in st\u00e4ndigem Kontakt mit den Schulleitungen steht, um schnell und effizient auf deren Bed\u00fcrfnisse zu reagieren. Diese Arbeiten sind ein Beispiel f\u00fcr die Zusammenarbeit zwischen der Verwaltung und der Bildungsgemeinschaft, die wir den ganzen Sommer \u00fcber fortsetzen werden&#8220;.<\/em><\/span><\/p>\n<p><span>Mit dieser Ma\u00dfnahme bekr\u00e4ftigt der Stadtrat von Puerto del Rosario sein Engagement f\u00fcr das \u00f6ffentliche Bildungswesen und die Schaffung eines sicheren und funktionalen Schulumfelds, das den Bed\u00fcrfnissen der Kinder der Gemeinde entspricht.<\/span><\/p>\n<\/div>\n","protected":false},"excerpt":{"rendered":"<p>Die Stadtverwaltung von Puerto del Rosario hat \u00fcber das Bildungsministerium verschiedene Verbesserungen an den Sportanlagen des CEIP Puerto Cabras vorgenommen. Die durchgef\u00fchrten Arbeiten umfassten die komplette Neulackierung der Sportpl\u00e4tze und [&hellip;]<\/p>\n","protected":false},"author":1,"featured_media":7103,"comment_status":"open","ping_status":"open","sticky":false,"template":"","format":"standard","meta":{"inline_featured_image":false,"jnews-multi-image_gallery":[],"jnews_single_post":[],"jnews_primary_category":[],"jnews_social_meta":[],"jnews_override_counter":[],"jnews_post_split":[],"footnotes":""},"categories":[293],"tags":[306,254,211],"class_list":["post-7106","post","type-post","status-publish","format-standard","has-post-thumbnail","hentry","category-puerto-del-rosario-de","tag-educacion-de","tag-infrastruktur","tag-puerto-del-rosario"],"jetpack_featured_media_url":"https:\/\/informacionlocal.es\/wp-content\/uploads\/2025\/07\/canchas-22-puerto-cabras-tacoremi-0725.jpg","_links":{"self":[{"href":"https:\/\/informacionlocal.es\/de\/wp-json\/wp\/v2\/posts\/7106","targetHints":{"allow":["GET"]}}],"collection":[{"href":"https:\/\/informacionlocal.es\/de\/wp-json\/wp\/v2\/posts"}],"about":[{"href":"https:\/\/informacionlocal.es\/de\/wp-json\/wp\/v2\/types\/post"}],"author":[{"embeddable":true,"href":"https:\/\/informacionlocal.es\/de\/wp-json\/wp\/v2\/users\/1"}],"replies":[{"embeddable":true,"href":"https:\/\/informacionlocal.es\/de\/wp-json\/wp\/v2\/comments?post=7106"}],"version-history":[{"count":0,"href":"https:\/\/informacionlocal.es\/de\/wp-json\/wp\/v2\/posts\/7106\/revisions"}],"wp:featuredmedia":[{"embeddable":true,"href":"https:\/\/informacionlocal.es\/de\/wp-json\/wp\/v2\/media\/7103"}],"wp:attachment":[{"href":"https:\/\/informacionlocal.es\/de\/wp-json\/wp\/v2\/media?parent=7106"}],"wp:term":[{"taxonomy":"category","embeddable":true,"href":"https:\/\/informacionlocal.es\/de\/wp-json\/wp\/v2\/categories?post=7106"},{"taxonomy":"post_tag","embeddable":true,"href":"https:\/\/informacionlocal.es\/de\/wp-json\/wp\/v2\/tags?post=7106"}],"curies":[{"name":"wp","href":"https:\/\/api.w.org\/{rel}","templated":true}]}}