{"id":7082,"date":"2025-07-09T16:59:55","date_gmt":"2025-07-09T15:59:55","guid":{"rendered":"https:\/\/informacionlocal.es\/erfolgreicher-abschluss-des-vom-cabildo-de-fuerteventura-und-dem-gac-organisierten-kurses-zum-lokalen-fischereiskapitaen\/"},"modified":"2025-07-09T16:59:55","modified_gmt":"2025-07-09T15:59:55","slug":"erfolgreicher-abschluss-des-vom-cabildo-de-fuerteventura-und-dem-gac-organisierten-kurses-zum-lokalen-fischereiskapitaen","status":"publish","type":"post","link":"https:\/\/informacionlocal.es\/de\/erfolgreicher-abschluss-des-vom-cabildo-de-fuerteventura-und-dem-gac-organisierten-kurses-zum-lokalen-fischereiskapitaen\/","title":{"rendered":"Erfolgreicher Abschluss des vom Cabildo de Fuerteventura und dem GAC organisierten Kurses zum lokalen Fischereiskapit\u00e4n"},"content":{"rendered":"<div class=\"entry-content\"><strong>9. Juli, 2025<\/strong><\/p>\n<p>Der Kurs f\u00fcr lokale Fischereikapit\u00e4ne, der seit November letzten Jahres in den Einrichtungen der Fischerzunft von Gran Tarajal stattfand, ist erfolgreich abgeschlossen worden. Eine vom Cabildo von Fuerteventura und der Coastal Action Group kofinanzierte Ausbildungsma\u00dfnahme mit einer Investition von 28.000 Euro. <\/p>\n<p>Die Pr\u00e4sidentin der Insel, Lola Garc\u00eda, \u00fcberreichte gestern die Diplome und begl\u00fcckw\u00fcnschte die Teilnehmer eines Kurses, der es ihnen erm\u00f6glicht, in den Fischereisektor einzusteigen, der Teil unserer Wirtschaft und lokalen Identit\u00e4t ist. Damit wird auch eine der historischen Forderungen der verschiedenen Z\u00fcnfte nach einer Ausbildung auf der Insel erf\u00fcllt, da die Absolventen nicht mehr nach Lanzarote reisen m\u00fcssen, um ihre Qualifikationen zu erwerben. <\/p>\n<p>Der Stadtrat f\u00fcr Landwirtschaft, Viehzucht und Fischerei, Mat\u00edas Pe\u00f1a, hat den Wert eines Kurses hervorgehoben, der notwendig ist, um den Titel des Kapit\u00e4ns, des Schiffsf\u00fchrers und des Chefingenieurs zu erhalten, was die Erhaltung dieses traditionellen Sektors auf Fuerteventura erleichtert.<\/p>\n<p>Bei der \u00dcbergabe der Diplome war auch Lorenzo Brito, Schirmherr der Cofrad\u00eda de Gran Tarajal und Pr\u00e4sident der Federaci\u00f3n de Cofrad\u00edas de Cofrad\u00edas de Pescadores de Canarias (Verband der Fischergilden der Kanarischen Inseln) anwesend.<\/p>\n<\/div>\n","protected":false},"excerpt":{"rendered":"<p>9. Juli, 2025 Der Kurs f\u00fcr lokale Fischereikapit\u00e4ne, der seit November letzten Jahres in den Einrichtungen der Fischerzunft von Gran Tarajal stattfand, ist erfolgreich abgeschlossen worden. Eine vom Cabildo von [&hellip;]<\/p>\n","protected":false},"author":1,"featured_media":7079,"comment_status":"open","ping_status":"open","sticky":false,"template":"","format":"standard","meta":{"inline_featured_image":false,"jnews-multi-image_gallery":[],"jnews_single_post":[],"jnews_primary_category":[],"jnews_social_meta":[],"jnews_override_counter":[],"jnews_post_split":[],"footnotes":""},"categories":[287],"tags":[216],"class_list":["post-7082","post","type-post","status-publish","format-standard","has-post-thumbnail","hentry","category-cabildo-de","tag-fuerteventura-de"],"jetpack_featured_media_url":"https:\/\/informacionlocal.es\/wp-content\/uploads\/2025\/07\/rr.jpeg","_links":{"self":[{"href":"https:\/\/informacionlocal.es\/de\/wp-json\/wp\/v2\/posts\/7082","targetHints":{"allow":["GET"]}}],"collection":[{"href":"https:\/\/informacionlocal.es\/de\/wp-json\/wp\/v2\/posts"}],"about":[{"href":"https:\/\/informacionlocal.es\/de\/wp-json\/wp\/v2\/types\/post"}],"author":[{"embeddable":true,"href":"https:\/\/informacionlocal.es\/de\/wp-json\/wp\/v2\/users\/1"}],"replies":[{"embeddable":true,"href":"https:\/\/informacionlocal.es\/de\/wp-json\/wp\/v2\/comments?post=7082"}],"version-history":[{"count":0,"href":"https:\/\/informacionlocal.es\/de\/wp-json\/wp\/v2\/posts\/7082\/revisions"}],"wp:featuredmedia":[{"embeddable":true,"href":"https:\/\/informacionlocal.es\/de\/wp-json\/wp\/v2\/media\/7079"}],"wp:attachment":[{"href":"https:\/\/informacionlocal.es\/de\/wp-json\/wp\/v2\/media?parent=7082"}],"wp:term":[{"taxonomy":"category","embeddable":true,"href":"https:\/\/informacionlocal.es\/de\/wp-json\/wp\/v2\/categories?post=7082"},{"taxonomy":"post_tag","embeddable":true,"href":"https:\/\/informacionlocal.es\/de\/wp-json\/wp\/v2\/tags?post=7082"}],"curies":[{"name":"wp","href":"https:\/\/api.w.org\/{rel}","templated":true}]}}