{"id":7058,"date":"2025-07-09T15:01:27","date_gmt":"2025-07-09T14:01:27","guid":{"rendered":"https:\/\/informacionlocal.es\/110-studenten-beginnen-ihr-sommerpraktikum-beim-cabildo-von-fuerteventura\/"},"modified":"2025-07-09T15:01:27","modified_gmt":"2025-07-09T14:01:27","slug":"110-studenten-beginnen-ihr-sommerpraktikum-beim-cabildo-von-fuerteventura","status":"publish","type":"post","link":"https:\/\/informacionlocal.es\/de\/110-studenten-beginnen-ihr-sommerpraktikum-beim-cabildo-von-fuerteventura\/","title":{"rendered":"110 Studenten beginnen ihr Sommerpraktikum beim Cabildo von Fuerteventura"},"content":{"rendered":"<div class=\"entry-content\"><strong>9. Juli, 2025<\/strong><\/p>\n<p>Das Cabildo de Fuerteventura begr\u00fc\u00dfte heute, Mittwoch, den 9. Juli, die 110 Studenten, die dank des Stipendienprogramms des Bildungsministeriums eineinhalb Monate lang Praktika in der Inselverwaltung, in Rath\u00e4usern, Unternehmen und anderen Einrichtungen absolvieren werden. Als Neuheit in diesem Jahr wurden die Praktika auf Studenten des gemischten Lernens und des Fernstudiums ausgeweitet, die zum ersten Mal Zugang zu den Stipendien haben, um die verschiedenen Studienmodalit\u00e4ten gleichberechtigt zu behandeln. <\/p>\n<p>Die Pr\u00e4sidentin der Inselgesellschaft, Lola Garc\u00eda, &#8222;hat den Wert eines auf den Kanarischen Inseln einzigartigen Programms hervorgehoben, das auf mehr als zwanzig Jahre Erfahrung zur\u00fcckblicken kann und bereits mehr als 3.000 Personen einen ersten Zugang zur Arbeitswelt in dieser Einrichtung und anderen kooperierenden Einrichtungen erm\u00f6glicht hat&#8220;. &#8222;Ein Programm, in das das Cabildo von Fuerteventura 250.000 Euro investiert hat&#8220;. <\/p>\n<p>Der Stadtrat f\u00fcr Bildung, Adargoma Hern\u00e1ndez, bedankte sich f\u00fcr die gemeinsame Arbeit mit der Personalabteilung der Inselgesellschaft unter der Leitung von Nuria Cabrera, so dass die Beg\u00fcnstigten am 15. Juli ihre Arbeit im Rathaus, in Institutionen, anderen Einrichtungen und Unternehmen aufnehmen werden. &#8222;Dies ist eine Gelegenheit f\u00fcr Unternehmen, Talente von der Insel anzuziehen. Bei fr\u00fcheren Auflagen haben viele Unternehmen die Studenten nach den eineinhalbmonatigen Praktika behalten&#8220;. Hern\u00e1ndez dankte auch dem Team f\u00fcr Bildung und Jugend f\u00fcr seine koordinierte Arbeit mit den anderen Bereichen des Cabildo, in denen die Studenten untergebracht werden.    <\/p>\n<p>Bei der Begr\u00fc\u00dfungszeremonie waren auch die Regierungsabgeordneten Nuria Cabrera, V\u00edctor Alonso, Carlos Rodr\u00edguez und Nereida Calero sowie der Oppositionsabgeordnete und Sprecher der PP, Claudio Guti\u00e9rrez, anwesend.<\/p>\n<\/div>\n","protected":false},"excerpt":{"rendered":"<p>9. Juli, 2025 Das Cabildo de Fuerteventura begr\u00fc\u00dfte heute, Mittwoch, den 9. Juli, die 110 Studenten, die dank des Stipendienprogramms des Bildungsministeriums eineinhalb Monate lang Praktika in der Inselverwaltung, in [&hellip;]<\/p>\n","protected":false},"author":1,"featured_media":7055,"comment_status":"open","ping_status":"open","sticky":false,"template":"","format":"standard","meta":{"inline_featured_image":false,"jnews-multi-image_gallery":[],"jnews_single_post":[],"jnews_primary_category":[],"jnews_social_meta":[],"jnews_override_counter":[],"jnews_post_split":[],"footnotes":""},"categories":[287],"tags":[306,216],"class_list":["post-7058","post","type-post","status-publish","format-standard","has-post-thumbnail","hentry","category-cabildo-de","tag-educacion-de","tag-fuerteventura-de"],"jetpack_featured_media_url":"https:\/\/informacionlocal.es\/wp-content\/uploads\/2025\/07\/eeee-4.jpeg","_links":{"self":[{"href":"https:\/\/informacionlocal.es\/de\/wp-json\/wp\/v2\/posts\/7058","targetHints":{"allow":["GET"]}}],"collection":[{"href":"https:\/\/informacionlocal.es\/de\/wp-json\/wp\/v2\/posts"}],"about":[{"href":"https:\/\/informacionlocal.es\/de\/wp-json\/wp\/v2\/types\/post"}],"author":[{"embeddable":true,"href":"https:\/\/informacionlocal.es\/de\/wp-json\/wp\/v2\/users\/1"}],"replies":[{"embeddable":true,"href":"https:\/\/informacionlocal.es\/de\/wp-json\/wp\/v2\/comments?post=7058"}],"version-history":[{"count":0,"href":"https:\/\/informacionlocal.es\/de\/wp-json\/wp\/v2\/posts\/7058\/revisions"}],"wp:featuredmedia":[{"embeddable":true,"href":"https:\/\/informacionlocal.es\/de\/wp-json\/wp\/v2\/media\/7055"}],"wp:attachment":[{"href":"https:\/\/informacionlocal.es\/de\/wp-json\/wp\/v2\/media?parent=7058"}],"wp:term":[{"taxonomy":"category","embeddable":true,"href":"https:\/\/informacionlocal.es\/de\/wp-json\/wp\/v2\/categories?post=7058"},{"taxonomy":"post_tag","embeddable":true,"href":"https:\/\/informacionlocal.es\/de\/wp-json\/wp\/v2\/tags?post=7058"}],"curies":[{"name":"wp","href":"https:\/\/api.w.org\/{rel}","templated":true}]}}