{"id":7035,"date":"2025-07-09T13:00:28","date_gmt":"2025-07-09T12:00:28","guid":{"rendered":"https:\/\/informacionlocal.es\/fuerteventura-von-natur-aus-schoen-bedingt-die-schluchten-im-gemeindegebiet-von-betancuria\/"},"modified":"2025-07-09T13:00:28","modified_gmt":"2025-07-09T12:00:28","slug":"fuerteventura-von-natur-aus-schoen-bedingt-die-schluchten-im-gemeindegebiet-von-betancuria","status":"publish","type":"post","link":"https:\/\/informacionlocal.es\/de\/fuerteventura-von-natur-aus-schoen-bedingt-die-schluchten-im-gemeindegebiet-von-betancuria\/","title":{"rendered":"Fuerteventura, von Natur aus sch\u00f6n&#8220; bedingt die Schluchten im Gemeindegebiet von Betancuria"},"content":{"rendered":"<div class=\"entry-content\"><strong>9. Juli, 2025<\/strong><\/p>\n<p>Das Cabildo von Fuerteventura f\u00fchrt in allen Schluchten der Gemeinde Betancuria Instandsetzungsarbeiten durch. Diese Ma\u00dfnahmen sind Teil des Programms &#8222;Fuerteventura, sch\u00f6n durch die Natur&#8220;, das auf der ganzen Insel Ma\u00dfnahmen zur Erhaltung und Pflege der nat\u00fcrlichen Umgebung und all jener Elemente vorsieht, die die Insel zu einem einzigartigen Ort machen. <\/p>\n<p>Die Arbeiten erstrecken sich \u00fcber sechs Monate und umfassen 28 Schluchtabschnitte in der Gemeinde, &#8222;um die Sicherheit und den Abfluss der Schluchten zu verbessern und sie zu versch\u00f6nern&#8220;, erkl\u00e4rte die Pr\u00e4sidentin des Rathauses, Lola Garc\u00eda, w\u00e4hrend eines Besuchs der Arbeiten in Begleitung des Stadtrats f\u00fcr Umwelt, Carlos Rodr\u00edguez, und des Stadtrats f\u00fcr Abfall, Enrique P\u00e9rez.<\/p>\n<p>Fuerteventura, sch\u00f6n von der Natur&#8220; ist ein leistungsf\u00e4higes Programm, das von der Abteilung f\u00fcr Arbeiten und Maschinen durchgef\u00fchrt wird, die zum Bereich Infrastruktur des Cabildo de Fuerteventura geh\u00f6rt und von Blas Acosta geleitet wird.<br \/>In diesem Fall werden die Ma\u00dfnahmen in den Schluchten von Betancuria in Zusammenarbeit mit dem Bereich Umwelt und dem Wasserrat der Insel durchgef\u00fchrt, um die Berichte zu beschleunigen und die Arbeiten zu \u00fcberwachen. Die f\u00fcr das \u00d6kosystem sch\u00e4dlichen Abf\u00e4lle werden beseitigt, und die Schluchten werden beschnitten, um den Zustand der Schluchten zu verbessern und Risikofaktoren wie \u00dcberschwemmungen w\u00e4hrend der Regenzeit zu vermeiden. <\/p>\n<\/div>\n","protected":false},"excerpt":{"rendered":"<p>9. Juli, 2025 Das Cabildo von Fuerteventura f\u00fchrt in allen Schluchten der Gemeinde Betancuria Instandsetzungsarbeiten durch. Diese Ma\u00dfnahmen sind Teil des Programms &#8222;Fuerteventura, sch\u00f6n durch die Natur&#8220;, das auf der [&hellip;]<\/p>\n","protected":false},"author":1,"featured_media":7031,"comment_status":"open","ping_status":"open","sticky":false,"template":"","format":"standard","meta":{"inline_featured_image":false,"jnews-multi-image_gallery":[],"jnews_single_post":[],"jnews_primary_category":[],"jnews_social_meta":[],"jnews_override_counter":[],"jnews_post_split":[],"footnotes":""},"categories":[287],"tags":[216,199],"class_list":["post-7035","post","type-post","status-publish","format-standard","has-post-thumbnail","hentry","category-cabildo-de","tag-fuerteventura-de","tag-umwelt"],"jetpack_featured_media_url":"https:\/\/informacionlocal.es\/wp-content\/uploads\/2025\/07\/eeee-5.jpeg","_links":{"self":[{"href":"https:\/\/informacionlocal.es\/de\/wp-json\/wp\/v2\/posts\/7035","targetHints":{"allow":["GET"]}}],"collection":[{"href":"https:\/\/informacionlocal.es\/de\/wp-json\/wp\/v2\/posts"}],"about":[{"href":"https:\/\/informacionlocal.es\/de\/wp-json\/wp\/v2\/types\/post"}],"author":[{"embeddable":true,"href":"https:\/\/informacionlocal.es\/de\/wp-json\/wp\/v2\/users\/1"}],"replies":[{"embeddable":true,"href":"https:\/\/informacionlocal.es\/de\/wp-json\/wp\/v2\/comments?post=7035"}],"version-history":[{"count":0,"href":"https:\/\/informacionlocal.es\/de\/wp-json\/wp\/v2\/posts\/7035\/revisions"}],"wp:featuredmedia":[{"embeddable":true,"href":"https:\/\/informacionlocal.es\/de\/wp-json\/wp\/v2\/media\/7031"}],"wp:attachment":[{"href":"https:\/\/informacionlocal.es\/de\/wp-json\/wp\/v2\/media?parent=7035"}],"wp:term":[{"taxonomy":"category","embeddable":true,"href":"https:\/\/informacionlocal.es\/de\/wp-json\/wp\/v2\/categories?post=7035"},{"taxonomy":"post_tag","embeddable":true,"href":"https:\/\/informacionlocal.es\/de\/wp-json\/wp\/v2\/tags?post=7035"}],"curies":[{"name":"wp","href":"https:\/\/api.w.org\/{rel}","templated":true}]}}