{"id":7009,"date":"2025-07-08T15:59:04","date_gmt":"2025-07-08T14:59:04","guid":{"rendered":"https:\/\/informacionlocal.es\/das-centro-insular-de-juventud-aktiviert-sein-sommerprogramm-fuer-junge-menschen-cij-a-la-fresca\/"},"modified":"2025-07-08T15:59:04","modified_gmt":"2025-07-08T14:59:04","slug":"das-centro-insular-de-juventud-aktiviert-sein-sommerprogramm-fuer-junge-menschen-cij-a-la-fresca","status":"publish","type":"post","link":"https:\/\/informacionlocal.es\/de\/das-centro-insular-de-juventud-aktiviert-sein-sommerprogramm-fuer-junge-menschen-cij-a-la-fresca\/","title":{"rendered":"Das Centro Insular de Juventud aktiviert sein Sommerprogramm f\u00fcr junge Menschen: &#8222;CiJ a la Fresca&#8220;."},"content":{"rendered":"<div class=\"entry-content\"><strong>8. Juli, 2025<\/strong><\/p>\n<p>Das Cabildo de Fuerteventura bietet \u00fcber die Jugendabteilung und das Centro Insular de Juventud das Sommerprogramm &#8222;CiJ a la Fresca&#8220; an. Ein abwechslungsreiches, kreatives und kostenloses Angebot, &#8222;das sich an die Jugendlichen der Insel richtet, die sich selbst ausdr\u00fccken, neue Interessen entdecken und den Sommer auf aktive und partizipative Weise genie\u00dfen wollen&#8220;, erkl\u00e4rt die Stadtr\u00e4tin f\u00fcr das Gebiet, Adargoma Hern\u00e1ndez. <\/p>\n<p>In den Monaten Juli und August wird das Centro Insular de Juventud zu einem Treffpunkt f\u00fcr Kunst, Bewegung, Kreativit\u00e4t und junge Musik. Geplant sind u. a. Workshops zu urbanem Tanz, Musik, Textilmalerei, Fotografie, K-Pop, Beratung, ein Kurs zur Erstellung von Podcasts sowie ein gro\u00dfes Jugendkonzert zum Abschluss des Sommers. F\u00fcr die Aktivit\u00e4ten sind keine Vorkenntnisse erforderlich, nur der Wunsch, sich auszutauschen, zu lernen und Spa\u00df zu haben.  <\/p>\n<p>Alle Aktivit\u00e4ten finden im Centro Insular de Juventud statt, dessen Kapazit\u00e4t begrenzt ist. Daher ist es notwendig, einen Platz \u00fcber das folgende Formular zu reservieren: https:\/\/bit.ly\/veranocij2025<\/p>\n<p>Auch das Centro Insular de Juventud teilt mit, dass es den ganzen Sommer \u00fcber von Montag bis Freitag von 10.00 bis 13.00 Uhr und von 17.00 bis 21.00 Uhr sowie samstags von 10.00 bis 13.00 Uhr ge\u00f6ffnet sein wird, mit allen zur Verf\u00fcgung stehenden Dienstleistungen und R\u00e4umen, dem Videospiel- und Brettspielraum, dem Kreativstudio usw.<\/p>\n<p>F\u00fcr weitere Informationen \u00fcber das Sommerprogramm oder andere Fragen k\u00f6nnen Sie das CiJ telefonisch unter 928 862 018\/19 oder per E-Mail unter cijfuerteventura@gmail.com kontaktieren oder direkt im Zentrum vorbeikommen.<\/p>\n<\/div>\n","protected":false},"excerpt":{"rendered":"<p>8. Juli, 2025 Das Cabildo de Fuerteventura bietet \u00fcber die Jugendabteilung und das Centro Insular de Juventud das Sommerprogramm &#8222;CiJ a la Fresca&#8220; an. Ein abwechslungsreiches, kreatives und kostenloses Angebot, [&hellip;]<\/p>\n","protected":false},"author":1,"featured_media":7007,"comment_status":"open","ping_status":"open","sticky":false,"template":"","format":"standard","meta":{"inline_featured_image":false,"jnews-multi-image_gallery":[],"jnews_single_post":[],"jnews_primary_category":[],"jnews_social_meta":[],"jnews_override_counter":[],"jnews_post_split":[],"footnotes":""},"categories":[287],"tags":[216],"class_list":["post-7009","post","type-post","status-publish","format-standard","has-post-thumbnail","hentry","category-cabildo-de","tag-fuerteventura-de"],"jetpack_featured_media_url":"https:\/\/informacionlocal.es\/wp-content\/uploads\/2025\/07\/eee-3.jpeg","_links":{"self":[{"href":"https:\/\/informacionlocal.es\/de\/wp-json\/wp\/v2\/posts\/7009","targetHints":{"allow":["GET"]}}],"collection":[{"href":"https:\/\/informacionlocal.es\/de\/wp-json\/wp\/v2\/posts"}],"about":[{"href":"https:\/\/informacionlocal.es\/de\/wp-json\/wp\/v2\/types\/post"}],"author":[{"embeddable":true,"href":"https:\/\/informacionlocal.es\/de\/wp-json\/wp\/v2\/users\/1"}],"replies":[{"embeddable":true,"href":"https:\/\/informacionlocal.es\/de\/wp-json\/wp\/v2\/comments?post=7009"}],"version-history":[{"count":0,"href":"https:\/\/informacionlocal.es\/de\/wp-json\/wp\/v2\/posts\/7009\/revisions"}],"wp:featuredmedia":[{"embeddable":true,"href":"https:\/\/informacionlocal.es\/de\/wp-json\/wp\/v2\/media\/7007"}],"wp:attachment":[{"href":"https:\/\/informacionlocal.es\/de\/wp-json\/wp\/v2\/media?parent=7009"}],"wp:term":[{"taxonomy":"category","embeddable":true,"href":"https:\/\/informacionlocal.es\/de\/wp-json\/wp\/v2\/categories?post=7009"},{"taxonomy":"post_tag","embeddable":true,"href":"https:\/\/informacionlocal.es\/de\/wp-json\/wp\/v2\/tags?post=7009"}],"curies":[{"name":"wp","href":"https:\/\/api.w.org\/{rel}","templated":true}]}}