{"id":7001,"date":"2025-07-08T15:00:16","date_gmt":"2025-07-08T14:00:16","guid":{"rendered":"https:\/\/informacionlocal.es\/puerto-del-rosario-begleicht-seine-wasserschulden-und-staerkt-die-verwaltung-der-wasserversorgung\/"},"modified":"2025-07-08T15:00:16","modified_gmt":"2025-07-08T14:00:16","slug":"puerto-del-rosario-begleicht-seine-wasserschulden-und-staerkt-die-verwaltung-der-wasserversorgung","status":"publish","type":"post","link":"https:\/\/informacionlocal.es\/de\/puerto-del-rosario-begleicht-seine-wasserschulden-und-staerkt-die-verwaltung-der-wasserversorgung\/","title":{"rendered":"Puerto del Rosario begleicht seine Wasserschulden und st\u00e4rkt die Verwaltung der Wasserversorgung"},"content":{"rendered":"<div class=\"entry-content\">\n<p>Die Stadtverwaltung von Puerto del Rosario ist ihrer Verantwortung als Mitglied des Konsortiums nachgekommen und hat mehr als f\u00fcnf Millionen Euro Au\u00dfenst\u00e4nde beim Konsortium f\u00fcr die Wasserversorgung von Fuerteventura (CAAF) beglichen. Dieser Schritt bietet eine solide Grundlage f\u00fcr weitere Verbesserungen bei der Produktion, Verteilung und Speicherung von Trinkwasser f\u00fcr die Bev\u00f6lkerung. <\/p>\n<p><em>&#8222;Als Gemeinde haben wir unsere Verantwortung \u00fcbernommen und uns dieser Schuld gestellt, die jahrelang nicht beglichen wurde. Heute k\u00f6nnen wir sagen, dass wir mit dem Konsortium auf dem Laufenden sind, was das gegenseitige Vertrauen st\u00e4rkt und es uns erm\u00f6glicht, weiter zusammenzuarbeiten&#8220;,<\/em> erkl\u00e4rt der B\u00fcrgermeister von Puerto del Rosario, <strong>David de Vera<\/strong>.<\/p>\n<p>Der B\u00fcrgermeister wollte den Wert der koordinierten Arbeit zwischen den Institutionen hervorheben: <em>&#8222;Ich m\u00f6chte der Wasserministerin Adargoma Hern\u00e1ndez und der Pr\u00e4sidentin des Cabildo von Fuerteventura, Lola Garc\u00eda, \u00f6ffentlich gratulieren, denn heute ist die bedeutende Ver\u00e4nderung, die wir bei der Verbesserung sowohl der Produktion als auch der Verteilung von Wasser sehen, eine Realit\u00e4t, wobei der \u00f6ffentliche Charakter des CAAF erhalten bleibt, was f\u00fcr uns von wesentlicher Bedeutung ist&#8220;.<\/em><\/p>\n<p>Der Beigeordnete f\u00fcr Wirtschaft und Finanzen, <strong>Juan Manuel Verdugo<\/strong>, betont, dass die Begleichung dieser Schulden f\u00fcr die finanzielle Stabilit\u00e4t der Gemeinde und ihre Glaubw\u00fcrdigkeit gegen\u00fcber anderen Verwaltungen von entscheidender Bedeutung war: <em>&#8222;Diese Zahlung spiegelt unsere Verantwortung als Gemeinde und unseren Wunsch wider, unsere Konten gesund zu halten. Eine gute Wirtschaftsf\u00fchrung erm\u00f6glicht es uns, weiterhin notwendige Arbeiten zu f\u00f6rdern und sicherzustellen, dass jeder Euro dort investiert wird, wo er am dringendsten ben\u00f6tigt wird&#8220;.<\/em><\/p>\n<p>Dank dieser steuerlichen Verantwortung sieht die Gemeinde eine echte Ver\u00e4nderung bei der Verbesserung der Dienstleistung, mit Ma\u00dfnahmen, die von der Optimierung der Produktionskapazit\u00e4ten bis zur Modernisierung der Verteilungsnetze in verschiedenen Ortschaften wie Tef\u00eda, El Time, Tetir, El Charco und Puerto Lajas reichen.<\/p>\n<p>Der B\u00fcrgermeister erinnert daran, dass in den vergangenen Jahren w\u00e4hrend der Sommermonate Verbrauchsspitzen zu Versorgungsengp\u00e4ssen f\u00fchrten, eine Situation, die sich mit der Verbesserung der Produktionskapazit\u00e4ten und der Erh\u00f6hung der Speicherkapazit\u00e4t umgekehrt hat. Er betont jedoch, dass noch einiges zu tun bleibt: <em>&#8222;Wir wissen, dass wir nicht unt\u00e4tig bleiben d\u00fcrfen. Unsere Priorit\u00e4t ist es, die Verteilungsnetze weiter zu erneuern, um Leckagen zu reduzieren und eine zuverl\u00e4ssigere und qualitativ hochwertige Versorgung f\u00fcr alle Einwohner zu gew\u00e4hrleisten&#8220;,<\/em> betont De Vera. <\/p>\n<p>Der Stadtrat arbeitet mit der CAAF zusammen, um sicherzustellen, dass die Belagsarbeiten parallel zur Erneuerung der hydraulischen Netze durchgef\u00fchrt werden, um k\u00fcnftige Ausf\u00e4lle zu vermeiden und die Investitionen zu optimieren.<\/p>\n<p><em>&#8222;Uns als Konsortium auf den neuesten Stand zu bringen, ist eine Verpflichtung gegen\u00fcber einer guten Verwaltung und gegen\u00fcber den B\u00fcrgern. Nur so k\u00f6nnen wir weiterhin Projekte planen, die Puerto del Rosario eine angemessene und nachhaltige Wasserversorgung erm\u00f6glichen, die den Bed\u00fcrfnissen einer st\u00e4ndig wachsenden Hauptstadt entspricht&#8220;, so<\/em> De Vera abschlie\u00dfend.<\/p>\n<\/div>\n","protected":false},"excerpt":{"rendered":"<p>Die Stadtverwaltung von Puerto del Rosario ist ihrer Verantwortung als Mitglied des Konsortiums nachgekommen und hat mehr als f\u00fcnf Millionen Euro Au\u00dfenst\u00e4nde beim Konsortium f\u00fcr die Wasserversorgung von Fuerteventura (CAAF) [&hellip;]<\/p>\n","protected":false},"author":1,"featured_media":6995,"comment_status":"open","ping_status":"open","sticky":false,"template":"","format":"standard","meta":{"inline_featured_image":false,"jnews-multi-image_gallery":[],"jnews_single_post":[],"jnews_primary_category":[],"jnews_social_meta":[],"jnews_override_counter":[],"jnews_post_split":[],"footnotes":""},"categories":[293],"tags":[216],"class_list":["post-7001","post","type-post","status-publish","format-standard","has-post-thumbnail","hentry","category-puerto-del-rosario-de","tag-fuerteventura-de"],"jetpack_featured_media_url":"https:\/\/informacionlocal.es\/wp-content\/uploads\/2025\/07\/deuda-22-hidrica.jpg","_links":{"self":[{"href":"https:\/\/informacionlocal.es\/de\/wp-json\/wp\/v2\/posts\/7001","targetHints":{"allow":["GET"]}}],"collection":[{"href":"https:\/\/informacionlocal.es\/de\/wp-json\/wp\/v2\/posts"}],"about":[{"href":"https:\/\/informacionlocal.es\/de\/wp-json\/wp\/v2\/types\/post"}],"author":[{"embeddable":true,"href":"https:\/\/informacionlocal.es\/de\/wp-json\/wp\/v2\/users\/1"}],"replies":[{"embeddable":true,"href":"https:\/\/informacionlocal.es\/de\/wp-json\/wp\/v2\/comments?post=7001"}],"version-history":[{"count":0,"href":"https:\/\/informacionlocal.es\/de\/wp-json\/wp\/v2\/posts\/7001\/revisions"}],"wp:featuredmedia":[{"embeddable":true,"href":"https:\/\/informacionlocal.es\/de\/wp-json\/wp\/v2\/media\/6995"}],"wp:attachment":[{"href":"https:\/\/informacionlocal.es\/de\/wp-json\/wp\/v2\/media?parent=7001"}],"wp:term":[{"taxonomy":"category","embeddable":true,"href":"https:\/\/informacionlocal.es\/de\/wp-json\/wp\/v2\/categories?post=7001"},{"taxonomy":"post_tag","embeddable":true,"href":"https:\/\/informacionlocal.es\/de\/wp-json\/wp\/v2\/tags?post=7001"}],"curies":[{"name":"wp","href":"https:\/\/api.w.org\/{rel}","templated":true}]}}