{"id":6986,"date":"2025-07-08T04:00:40","date_gmt":"2025-07-08T03:00:40","guid":{"rendered":"https:\/\/informacionlocal.es\/aufraeumen-nach-der-fem-erfahrung\/"},"modified":"2025-07-08T04:00:40","modified_gmt":"2025-07-08T03:00:40","slug":"aufraeumen-nach-der-fem-erfahrung","status":"publish","type":"post","link":"https:\/\/informacionlocal.es\/de\/aufraeumen-nach-der-fem-erfahrung\/","title":{"rendered":"Aufr\u00e4umen nach der FEM-Erfahrung"},"content":{"rendered":"<div class=\"entry-content\"><strong>7. Juli, 2025<\/strong><\/p>\n<p><strong>Die Teams von &#8222;Fuerteventura, sch\u00f6n von der Natur&#8220; f\u00fchren nach dem Ende des Festivals eine intensive Razzia durch, um das Gebiet um La Concha wieder in seinen nat\u00fcrlichen Zustand zu versetzen.<\/strong><\/p>\n<p>El Cotillo feierte dieses Wochenende das Festival Fuerteventura En M\u00fasica (FEM 2025), eines der am meisten erwarteten Ereignisse auf der Insel und ein kulturelles Erlebnis, das Tausende von Menschen von anderen Inseln anzieht. Heute, am Montag, arbeiten die Mitarbeiter von &#8222;Fuerteventura, sch\u00f6n von der Natur&#8220; hart daran, die Umgebung des Strandes La Concha wieder in ihren nat\u00fcrlichen Zustand zu versetzen. <\/p>\n<p>Das Cabildo von Fuerteventura arbeitet \u00fcber seinen Bau- und Maschinendienst mit anderen Dienststellen des Cabildo und der Stadtverwaltung von La Oliva zusammen, um die Normalit\u00e4t in El Cotillo wiederherzustellen.<\/p>\n<p>Bei den Reinigungsarbeiten, die in Handarbeit durchgef\u00fchrt wurden, wurden 4 Kubikmeter M\u00fcll entfernt. Die Teams f\u00fchrten die Arbeiten mit besonderer Sorgfalt aus, um jegliche Beeintr\u00e4chtigung dieser f\u00fcr Fuerteventura so charakteristischen nat\u00fcrlichen Umgebung durch das Festival zu vermeiden. <\/p>\n<p>In der vergangenen Woche hatten die Mitarbeiter bereits mit den Vorbereitungen f\u00fcr das Festival begonnen und den Bereich um den Strand La Concha, wo sich die Hauptb\u00fchne befindet, gr\u00fcndlich gereinigt und vorbereitet.<\/p>\n<p>Die Pr\u00e4sidentin des Cabildo von Fuerteventura, Lola Garc\u00eda, hob die Koordination zwischen den verschiedenen Bereichen des Cabildo und des Rathauses hervor, um die Umwelt in perfektem Zustand zu erhalten, &#8222;weil wir uns dar\u00fcber im Klaren sind, dass die Nutzung und der Genuss des Raumes immer in einem konstanten Gleichgewicht mit dem Respekt f\u00fcr die Umwelt und ohne Spuren zu hinterlassen sein muss&#8220;.<\/p>\n<p>Der Stadtrat f\u00fcr Arbeiten und Maschinen, Blas Acosta, wies darauf hin, wie wichtig es ist, unsere nat\u00fcrliche Umwelt und unsere emblematischen Landschaften zu sch\u00fctzen und gleichzeitig ihre Nutzung mit bereichernden Aktivit\u00e4ten wie der FEM in Einklang zu bringen&#8220;.<\/p>\n<p>Tausende von Menschen besuchten das Festival Fuerteventura En M\u00fasica (FEM 2025), eine der am meisten erwarteten Veranstaltungen auf der Insel, die vom Inselrat von Fuerteventura \u00fcber die Abteilung f\u00fcr Kultur in Zusammenarbeit und in dieser Ausgabe auch mit finanzieller Unterst\u00fctzung des Rathauses von La Oliva sowie in Kooperation mit den verschiedenen Bereichen der Inselgesellschaft organisiert wurde. W\u00e4hrend des Wochenendes wurden das Festivalgel\u00e4nde und die Umgebung in perfektem Zustand hinterlassen, dank der Arbeiten, die dank der Koordination zwischen dem Cabildo von Fuerteventura und der Stadtverwaltung von La Oliva von den Abteilungen f\u00fcr Sauberkeit und Umwelt durchgef\u00fchrt wurden. <\/p>\n<\/div>\n","protected":false},"excerpt":{"rendered":"<p>7. Juli, 2025 Die Teams von &#8222;Fuerteventura, sch\u00f6n von der Natur&#8220; f\u00fchren nach dem Ende des Festivals eine intensive Razzia durch, um das Gebiet um La Concha wieder in seinen [&hellip;]<\/p>\n","protected":false},"author":1,"featured_media":6983,"comment_status":"open","ping_status":"open","sticky":false,"template":"","format":"standard","meta":{"inline_featured_image":false,"jnews-multi-image_gallery":[],"jnews_single_post":[],"jnews_primary_category":[],"jnews_social_meta":[],"jnews_override_counter":[],"jnews_post_split":[],"footnotes":""},"categories":[287],"tags":[303,216,199],"class_list":["post-6986","post","type-post","status-publish","format-standard","has-post-thumbnail","hentry","category-cabildo-de","tag-eventos-de","tag-fuerteventura-de","tag-umwelt"],"jetpack_featured_media_url":"https:\/\/informacionlocal.es\/wp-content\/uploads\/2025\/07\/ddd-1.jpeg","_links":{"self":[{"href":"https:\/\/informacionlocal.es\/de\/wp-json\/wp\/v2\/posts\/6986","targetHints":{"allow":["GET"]}}],"collection":[{"href":"https:\/\/informacionlocal.es\/de\/wp-json\/wp\/v2\/posts"}],"about":[{"href":"https:\/\/informacionlocal.es\/de\/wp-json\/wp\/v2\/types\/post"}],"author":[{"embeddable":true,"href":"https:\/\/informacionlocal.es\/de\/wp-json\/wp\/v2\/users\/1"}],"replies":[{"embeddable":true,"href":"https:\/\/informacionlocal.es\/de\/wp-json\/wp\/v2\/comments?post=6986"}],"version-history":[{"count":0,"href":"https:\/\/informacionlocal.es\/de\/wp-json\/wp\/v2\/posts\/6986\/revisions"}],"wp:featuredmedia":[{"embeddable":true,"href":"https:\/\/informacionlocal.es\/de\/wp-json\/wp\/v2\/media\/6983"}],"wp:attachment":[{"href":"https:\/\/informacionlocal.es\/de\/wp-json\/wp\/v2\/media?parent=6986"}],"wp:term":[{"taxonomy":"category","embeddable":true,"href":"https:\/\/informacionlocal.es\/de\/wp-json\/wp\/v2\/categories?post=6986"},{"taxonomy":"post_tag","embeddable":true,"href":"https:\/\/informacionlocal.es\/de\/wp-json\/wp\/v2\/tags?post=6986"}],"curies":[{"name":"wp","href":"https:\/\/api.w.org\/{rel}","templated":true}]}}