{"id":6975,"date":"2025-07-08T02:59:03","date_gmt":"2025-07-08T01:59:03","guid":{"rendered":"https:\/\/informacionlocal.es\/das-kanarische-zentrum-fuer-die-interpretation-des-historischen-gedaechtnisses-von-lgtbiq-rueckt-naeher-an-die-realitaet-heran\/"},"modified":"2025-07-08T02:59:03","modified_gmt":"2025-07-08T01:59:03","slug":"das-kanarische-zentrum-fuer-die-interpretation-des-historischen-gedaechtnisses-von-lgtbiq-rueckt-naeher-an-die-realitaet-heran","status":"publish","type":"post","link":"https:\/\/informacionlocal.es\/de\/das-kanarische-zentrum-fuer-die-interpretation-des-historischen-gedaechtnisses-von-lgtbiq-rueckt-naeher-an-die-realitaet-heran\/","title":{"rendered":"Das kanarische Zentrum f\u00fcr die Interpretation des historischen Ged\u00e4chtnisses von LGTBIQ+ r\u00fcckt n\u00e4her an die Realit\u00e4t heran."},"content":{"rendered":"<div class=\"entry-content\"><strong>7. Juli, 2025<\/strong><\/p>\n<p><em><strong>Das Cabildo von Fuerteventura hat heute das Protokoll formalisiert, mit dem die wirtschaftliche Unterst\u00fctzung f\u00fcr die Umwandlung von Tef\u00eda in einen Ort des Gedenkens an die Opfer erhalten wurde.<\/strong><\/em><\/p>\n<p>Die R\u00e4umlichkeiten der Jugendherberge Tef\u00eda werden immer mehr zu einem Ort des Gedenkens an die Opfer von LGTBIQ+, dank des von ALTIHAY Fuerteventura in Zusammenarbeit mit dem Cabildo gef\u00f6rderten Projekts, das die Einrichtung des zuk\u00fcnftigen kanarischen Zentrums f\u00fcr die Interpretation des historischen Ged\u00e4chtnisses von LGTBIQ+ in diesen R\u00e4umlichkeiten erm\u00f6glichen wird.<\/p>\n<p>Mit dieser Initiative wollen ALTIHAY Fuerteventura und das Cabildo von Fuerteventura \u00fcber die Abteilung f\u00fcr Soziales, Diversit\u00e4t und LGTBIQ+ Fuerteventura mit Unterst\u00fctzung anderer Institutionen zu einem Bezugspunkt f\u00fcr die historische Erinnerung machen.<\/p>\n<p>Heute unterzeichnete die Pr\u00e4sidentin des Cabildo, Lola Garc\u00eda, das Protokoll \u00fcber die finanzielle Unterst\u00fctzung in H\u00f6he von 100.000 Euro, um mit den ersten Arbeiten f\u00fcr das Projekt zu beginnen, dank einer Vereinbarung mit dem Minister f\u00fcr Territorialpolitik und demokratische Erinnerung, \u00c1ngel V\u00edctor Torres.<\/p>\n<p>Lola Garc\u00eda betonte, dass &#8222;wir der Verwirklichung des Traums, f\u00fcr den sich ALTIHAY Fuerteventura seit mehr als zwanzig Jahren einsetzt, immer n\u00e4her kommen, n\u00e4mlich der Erinnerung an die Opfer, die lange Zeit verfolgt wurden, vor allem an die, die in der ehemaligen landwirtschaftlichen Strafkolonie von Tef\u00eda inhaftiert waren&#8220;.<\/p>\n<p>Garc\u00eda erinnerte daran, dass im Dezember 2024 bereits ein erster Schritt mit der Er\u00f6ffnung des Raums &#8222;Tef\u00eda Lugar de Memoria Democr\u00e1tica LGTBIQ+&#8220; in diesen R\u00e4umlichkeiten gemacht wurde, der dank der Koordination zwischen ALTIHAY Fuerteventura und der Jugendabteilung des Cabildo eine Dauerausstellung enth\u00e4lt. &#8222;Wir beginnen damit, diesen Ort, der einst ein Symbol der Unterdr\u00fcckung war, in einen Ort der Rechtfertigung zu verwandeln&#8220;. &#8222;Fuerteventura wird bei der Verteidigung der Gleichberechtigung der Menschen keinen einzigen Schritt zur\u00fcckgehen&#8220;.  <\/p>\n<p>\u00c1ngel V\u00edctor Torres seinerseits dankte dem Cabildo f\u00fcr diesen Empfang, &#8222;an einem wichtigen Tag f\u00fcr Fuerteventura und sein historisches Ged\u00e4chtnis&#8220;. &#8222;Heute unterzeichnen wir diese Vereinbarung zur Finanzierung der ersten Museumsarbeiten. Au\u00dferdem wurde heute im Staatsanzeiger die Einleitung des Verfahrens zur Erkl\u00e4rung von Tef\u00eda zum Ort des demokratischen Ged\u00e4chtnisses ver\u00f6ffentlicht, um die W\u00fcrde des Volkes zu wahren&#8220;. <\/p>\n<p>Im Namen von ALTIHAY Fuerteventura bedankte sich dessen Pr\u00e4sidentin Carla Soto f\u00fcr die erhaltene Unterst\u00fctzung. &#8222;Heute ist ein ganz besonderer Tag, denn wir gedenken derer, die nicht mehr hier sind, aber die uns mit Geschichte erf\u00fcllen. Wir widmen diese Errungenschaft all den Menschen, die daf\u00fcr gek\u00e4mpft haben, dass dieses Projekt Wirklichkeit wird, als Teil unserer Identit\u00e4t: eine Erinnerung, die schmerzt, die uns aber auch antreibt, weiter f\u00fcr unsere Rechte zu k\u00e4mpfen, um ein gerechteres, freieres und stolzeres Fuerteventura zu schaffen&#8220;. <\/p>\n<p>Der Vizepr\u00e4sident des Cabildo von Fuerteventura, Blas Acosta, erkl\u00e4rte, dass &#8222;dies ein historischer Tag f\u00fcr Fuerteventura ist, da ein Ort, der zur Unterdr\u00fcckung genutzt wurde, in einen Raum zur Verteidigung der Freiheit umgewandelt wird&#8220;. Acosta dankte Altihay &#8222;f\u00fcr seine Beharrlichkeit&#8220; und Minister \u00c1ngel V\u00edctor Torres &#8222;f\u00fcr sein Engagement f\u00fcr die Wahrheit&#8220;. <\/p>\n<p>Der B\u00fcrgermeister von Puerto del Rosario, David de Vera, begl\u00fcckw\u00fcnschte Cabido, Altihay und das Ministerium dazu, dass sie diesen Ort des historischen Ged\u00e4chtnisses aufgewertet haben, &#8222;damit wir angesichts der k\u00fcnftigen Herausforderungen und der mit all diesen Anstrengungen erreichten Rechte keinen R\u00fcckschritt machen&#8220;. Er dr\u00fcckte auch seine Bereitschaft aus, gemeinsam an diesem Zentrum zu arbeiten. <\/p>\n<p>An der Veranstaltung nahmen auch der Stadtrat f\u00fcr Soziales, Vielfalt und LGTBIQ+, V\u00edctor Alonso, sowie die Stadtr\u00e4tin f\u00fcr Jugend, Adargoma Hern\u00e1ndez, teil. Sie hoffen, dass dieser Raum als Anziehungspunkt f\u00fcr all diejenigen dienen wird, die etwas \u00fcber die Geschichte der LGTBIQ+-Bewegung auf Fuerteventura und den Kanarischen Inseln erfahren m\u00f6chten. Ebenfalls anwesend waren die Unterbeauftragte der Regierung in der Provinz Las Palmas, Teresa Mayans, die Inseldirektorin der Allgemeinen Verwaltung des Staates, Mar\u00eda Jes\u00fas de la Cruz, und andere Abgeordnete und Ratsmitglieder des Cabildo bzw. des Stadtrats sowie der Ehrenpr\u00e4sident von Altihay, Le\u00f3n Mart\u00edn. <\/p>\n<p>Die sogenannte Colonia Agr\u00edcola Penitenciaria befand sich in Tef\u00eda, in der Gemeinde Puerto del Rosario, und war elf Jahre lang in Betrieb. Ab 1954 wurden Homosexuelle in die sogenannte Ley de Vagos y Maleantes aufgenommen. Es war die erste Kolonie dieser Art in Spanien, die auf dem Gel\u00e4nde des ersten Flughafens von Fuerteventura bis zu ihrer Schlie\u00dfung im Jahr 1966 betrieben wurde.  <\/p>\n<\/div>\n","protected":false},"excerpt":{"rendered":"<p>7. Juli, 2025 Das Cabildo von Fuerteventura hat heute das Protokoll formalisiert, mit dem die wirtschaftliche Unterst\u00fctzung f\u00fcr die Umwandlung von Tef\u00eda in einen Ort des Gedenkens an die Opfer [&hellip;]<\/p>\n","protected":false},"author":1,"featured_media":6971,"comment_status":"open","ping_status":"open","sticky":false,"template":"","format":"standard","meta":{"inline_featured_image":false,"jnews-multi-image_gallery":[],"jnews_single_post":[],"jnews_primary_category":[],"jnews_social_meta":[],"jnews_override_counter":[],"jnews_post_split":[],"footnotes":""},"categories":[287],"tags":[216],"class_list":["post-6975","post","type-post","status-publish","format-standard","has-post-thumbnail","hentry","category-cabildo-de","tag-fuerteventura-de"],"jetpack_featured_media_url":"https:\/\/informacionlocal.es\/wp-content\/uploads\/2025\/07\/sdddd.jpeg","_links":{"self":[{"href":"https:\/\/informacionlocal.es\/de\/wp-json\/wp\/v2\/posts\/6975","targetHints":{"allow":["GET"]}}],"collection":[{"href":"https:\/\/informacionlocal.es\/de\/wp-json\/wp\/v2\/posts"}],"about":[{"href":"https:\/\/informacionlocal.es\/de\/wp-json\/wp\/v2\/types\/post"}],"author":[{"embeddable":true,"href":"https:\/\/informacionlocal.es\/de\/wp-json\/wp\/v2\/users\/1"}],"replies":[{"embeddable":true,"href":"https:\/\/informacionlocal.es\/de\/wp-json\/wp\/v2\/comments?post=6975"}],"version-history":[{"count":0,"href":"https:\/\/informacionlocal.es\/de\/wp-json\/wp\/v2\/posts\/6975\/revisions"}],"wp:featuredmedia":[{"embeddable":true,"href":"https:\/\/informacionlocal.es\/de\/wp-json\/wp\/v2\/media\/6971"}],"wp:attachment":[{"href":"https:\/\/informacionlocal.es\/de\/wp-json\/wp\/v2\/media?parent=6975"}],"wp:term":[{"taxonomy":"category","embeddable":true,"href":"https:\/\/informacionlocal.es\/de\/wp-json\/wp\/v2\/categories?post=6975"},{"taxonomy":"post_tag","embeddable":true,"href":"https:\/\/informacionlocal.es\/de\/wp-json\/wp\/v2\/tags?post=6975"}],"curies":[{"name":"wp","href":"https:\/\/api.w.org\/{rel}","templated":true}]}}