{"id":6964,"date":"2025-07-08T01:58:26","date_gmt":"2025-07-08T00:58:26","guid":{"rendered":"https:\/\/informacionlocal.es\/das-cabildo-repariert-die-raender-der-tequital-strasse-und-die-grundstueckszufahrten-zu-den-straenden-von-gran-valle-und-jacomar\/"},"modified":"2025-07-08T01:58:26","modified_gmt":"2025-07-08T00:58:26","slug":"das-cabildo-repariert-die-raender-der-tequital-strasse-und-die-grundstueckszufahrten-zu-den-straenden-von-gran-valle-und-jacomar","status":"publish","type":"post","link":"https:\/\/informacionlocal.es\/de\/das-cabildo-repariert-die-raender-der-tequital-strasse-und-die-grundstueckszufahrten-zu-den-straenden-von-gran-valle-und-jacomar\/","title":{"rendered":"Das Cabildo repariert die R\u00e4nder der Tequital-Stra\u00dfe und die Grundst\u00fcckszufahrten zu den Str\u00e4nden von Gran Valle und Jacomar."},"content":{"rendered":"<div class=\"entry-content\"><strong>7. Juli, 2025<\/strong><\/p>\n<p><em><strong>Der Recebe-Zug des Cabildo arbeitet in Zusammenarbeit mit dem Stadtrat von Tuineje an der Verbesserung der Gleise.<\/strong><\/em><\/p>\n<p>Das Cabildo von Fuerteventura setzt derzeit einen seiner Arbeitsz\u00fcge ein, um die R\u00e4nder der asphaltierten Stra\u00dfe von Tequital auszubessern und die Fahrbahndecke der unbefestigten Wege zu reparieren, die zu den Str\u00e4nden von Gran Valle und Jacomar f\u00fchren. In diesen Gebieten herrscht mit Beginn der Sommerferien besonders viel Betrieb. <\/p>\n<p>Die Pr\u00e4sidentin der Insel, Lola Garc\u00eda, ist dankbar f\u00fcr die Zusammenarbeit mit dem Rathaus von Tuineje bei der Entwicklung des Werks.<\/p>\n<p>Die Inselgesellschaft hat diese Arbeiten mit ihren Spezialmaschinen programmiert, um die Sicherheit und den Komfort dieser Stra\u00dfen wiederherzustellen, die durch die Einwirkung von Wind und Regen sowie durch den Fahrzeugverkehr in Mitleidenschaft gezogen wurden.<\/p>\n<p>Der Stadtrat f\u00fcr Bauwesen und Maschinen, Blas Acosta, erinnert daran, dass &#8222;der Bau- und Maschinendienst sowie der Stra\u00dfendienst in Abstimmung mit den Gemeinder\u00e4ten arbeiten, um die besten Sicherheitsbedingungen auf den Stra\u00dfen Fuerteventuras zu gew\u00e4hrleisten; dies ist die oberste Priorit\u00e4t dieser Dienste des Cabildo, die sowohl auf asphaltierten als auch auf unbefestigten Stra\u00dfen arbeiten&#8220;.<\/p>\n<p>Der Stadtrat f\u00fcr Parks und G\u00e4rten, den prim\u00e4ren Sektor, mobile Parks, die \u00f6rtliche Polizei, das Kulturerbe und den Verkehr der Stadt Tuineje, Jonathan Pe\u00f1a, erkl\u00e4rt, dass &#8222;wir auf die Dienste des Cabildo angewiesen sind, um den Zugang zu den H\u00e4usern und Bauernh\u00f6fen in der Gemeinde zu erleichtern und so die Lebensqualit\u00e4t der Einwohner von Tuineje zu erhalten; der Transit von Menschen, aber auch die Bewegung der lokalen Wirtschaft durch Waren und Dienstleistungen, ben\u00f6tigen Stra\u00dfen in gutem Zustand&#8220;.<\/p>\n<p>Ziel des Bau- und Maschinendienstes in Tequital, Gran Valle und Jacomar ist es, die verstreut liegenden H\u00e4user und Bauernh\u00f6fe sowie die K\u00fcstengebiete, die zu dieser Jahreszeit ein erh\u00f6htes Verkehrsaufkommen verzeichnen, besser zu erreichen.<\/p>\n<p>Dazu werden Spezialfahrzeuge wie Wasserk\u00fcbel, Motorgrader und Stra\u00dfenwalze eingesetzt. Die kombinierte Arbeit dieser drei Maschinentypen erm\u00f6glicht es, die Festigkeit und Homogenit\u00e4t der Deckschicht wiederherzustellen, Eigenschaften, die f\u00fcr ein sicheres Fahren notwendig sind. <\/p>\n<p>Diese Arbeiten sind Teil des Engagements des Cabildo, die Land- und K\u00fcstenstra\u00dfen in optimalem Zustand zu erhalten, vor allem in Gebieten, in denen der Zugang zu Wohnh\u00e4usern, Bauernh\u00f6fen, Viehzuchtbetrieben und Freizeitgebieten an der K\u00fcste des Majorero weitgehend von diesen Wegen abh\u00e4ngt. Ziel ist es, die Mobilit\u00e4t zu erleichtern und die Sicherheit derjenigen zu verbessern, die diese Infrastrukturen nutzen, von denen viele f\u00fcr die wirtschaftliche und soziale T\u00e4tigkeit in der Region von entscheidender Bedeutung sind. <\/p>\n<p>Es ist zu bedenken, dass die Arbeit der R\u00fcckgewinnungsz\u00fcge des Cabildo Works and Machinery Service konstant, geplant und zyklisch ist, da die meisten Gleise auf der Insel aus Erde bestehen und regelm\u00e4\u00dfig gewartet werden m\u00fcssen.<\/p>\n<\/div>\n","protected":false},"excerpt":{"rendered":"<p>7. Juli, 2025 Der Recebe-Zug des Cabildo arbeitet in Zusammenarbeit mit dem Stadtrat von Tuineje an der Verbesserung der Gleise. Das Cabildo von Fuerteventura setzt derzeit einen seiner Arbeitsz\u00fcge ein, [&hellip;]<\/p>\n","protected":false},"author":1,"featured_media":6959,"comment_status":"open","ping_status":"open","sticky":false,"template":"","format":"standard","meta":{"inline_featured_image":false,"jnews-multi-image_gallery":[],"jnews_single_post":[],"jnews_primary_category":[],"jnews_social_meta":[],"jnews_override_counter":[],"jnews_post_split":[],"footnotes":""},"categories":[287],"tags":[216],"class_list":["post-6964","post","type-post","status-publish","format-standard","has-post-thumbnail","hentry","category-cabildo-de","tag-fuerteventura-de"],"jetpack_featured_media_url":"https:\/\/informacionlocal.es\/wp-content\/uploads\/2025\/07\/gff.jpeg","_links":{"self":[{"href":"https:\/\/informacionlocal.es\/de\/wp-json\/wp\/v2\/posts\/6964","targetHints":{"allow":["GET"]}}],"collection":[{"href":"https:\/\/informacionlocal.es\/de\/wp-json\/wp\/v2\/posts"}],"about":[{"href":"https:\/\/informacionlocal.es\/de\/wp-json\/wp\/v2\/types\/post"}],"author":[{"embeddable":true,"href":"https:\/\/informacionlocal.es\/de\/wp-json\/wp\/v2\/users\/1"}],"replies":[{"embeddable":true,"href":"https:\/\/informacionlocal.es\/de\/wp-json\/wp\/v2\/comments?post=6964"}],"version-history":[{"count":0,"href":"https:\/\/informacionlocal.es\/de\/wp-json\/wp\/v2\/posts\/6964\/revisions"}],"wp:featuredmedia":[{"embeddable":true,"href":"https:\/\/informacionlocal.es\/de\/wp-json\/wp\/v2\/media\/6959"}],"wp:attachment":[{"href":"https:\/\/informacionlocal.es\/de\/wp-json\/wp\/v2\/media?parent=6964"}],"wp:term":[{"taxonomy":"category","embeddable":true,"href":"https:\/\/informacionlocal.es\/de\/wp-json\/wp\/v2\/categories?post=6964"},{"taxonomy":"post_tag","embeddable":true,"href":"https:\/\/informacionlocal.es\/de\/wp-json\/wp\/v2\/tags?post=6964"}],"curies":[{"name":"wp","href":"https:\/\/api.w.org\/{rel}","templated":true}]}}