{"id":6950,"date":"2025-07-08T00:58:36","date_gmt":"2025-07-07T23:58:36","guid":{"rendered":"https:\/\/informacionlocal.es\/lola-garcia-bittet-minister-angel-victor-torres-um-unterstuetzung-um-die-gleichbehandlung-junger-kanarier-zu-gewaehrleisten\/"},"modified":"2025-07-08T00:58:36","modified_gmt":"2025-07-07T23:58:36","slug":"lola-garcia-bittet-minister-angel-victor-torres-um-unterstuetzung-um-die-gleichbehandlung-junger-kanarier-zu-gewaehrleisten","status":"publish","type":"post","link":"https:\/\/informacionlocal.es\/de\/lola-garcia-bittet-minister-angel-victor-torres-um-unterstuetzung-um-die-gleichbehandlung-junger-kanarier-zu-gewaehrleisten\/","title":{"rendered":"Lola Garc\u00eda bittet Minister \u00c1ngel V\u00edctor Torres um Unterst\u00fctzung, um die Gleichbehandlung junger Kanarier zu gew\u00e4hrleisten"},"content":{"rendered":"<div class=\"entry-content\"><strong>7. Juli, 2025<\/strong><\/p>\n<p><em><strong>W\u00e4hrend des Treffens waren sich der Pr\u00e4sident und der Minister einig, dass es notwendig ist, sich daf\u00fcr einzusetzen, dass die jungen Kanarier im Rahmen des Programms &#8222;Verano Joven&#8220; \u00fcberall im Land gleich behandelt werden.<\/strong><\/em><\/p>\n<p>Die Pr\u00e4sidentin des Cabildo von Fuerteventura, Lola Garc\u00eda, nutzte das Treffen mit dem Minister f\u00fcr Territorialpolitik und historisches Ged\u00e4chtnis, \u00c1ngel V\u00edctor Torres, um ihn \u00fcber die vorrangigen Themen auf Fuerteventura zu informieren, die in die Zust\u00e4ndigkeit des Staates fallen.<\/p>\n<p>In diesem Zusammenhang brachte Lola Garc\u00eda die Ablehnung der Inselgesellschaft gegen\u00fcber dem Programm &#8222;Verano Joven&#8220; zum Ausdruck, einem Programm des Ministeriums f\u00fcr Verkehr und Mobilit\u00e4t, das die Mobilit\u00e4t in Z\u00fcgen und Bussen auf mittleren und langen Strecken subventioniert, damit junge Menschen praktisch kostenlos durch Europa reisen k\u00f6nnen. Leider stellt dieses Programm eine Diskriminierung der kanarischen Jugendlichen dar, &#8222;da es auf den Inseln keine derartigen Verkehrsmittel gibt&#8220;, wie Lola Garc\u00eda heute gegen\u00fcber dem Minister f\u00fcr Territorialpolitik und historisches Ged\u00e4chtnis, \u00c1ngel V\u00edctor Torres, erkl\u00e4rte. <\/p>\n<p>Aus diesem Grund bat Garc\u00eda Torres um seine Unterst\u00fctzung in dieser Angelegenheit: &#8222;Ich bin sicher, dass der Minister mit Sensibilit\u00e4t gegen\u00fcber seiner autonomen Gemeinschaft handeln und sich beim Ministerium f\u00fcr Verkehr und nachhaltige Mobilit\u00e4t daf\u00fcr einsetzen wird, dass unsere Jugendlichen unter gleichen Bedingungen von diesem Programm profitieren k\u00f6nnen&#8220;. &#8222;Dass die Programme f\u00fcr Jugendliche an die territoriale Realit\u00e4t des Archipels angepasst werden, damit wir nicht wieder diskriminiert werden&#8220;. \u00c1ngel V\u00edctor Torres seinerseits stimmte Lola Garc\u00eda in dieser Frage zu und sicherte seine Bereitschaft und sein Engagement zu, beim zust\u00e4ndigen Ministerium zu intervenieren.  <\/p>\n<p>Garc\u00eda nutzte auch die Gelegenheit, um dem Minister andere Probleme vorzutragen, wie die Notwendigkeit, die Zahl der Sicherheitskr\u00e4fte auf der Insel zu erh\u00f6hen. Garc\u00eda erkl\u00e4rte, dass &#8222;wir von den zust\u00e4ndigen Beh\u00f6rden des Staates keine L\u00f6sungen erhalten haben, eine Situation, die uns beunruhigt, insbesondere in Anbetracht des Bev\u00f6lkerungswachstums, das Fuerteventura in den letzten Jahren erlebt hat&#8220;. <\/p>\n<p>Im Januar 2025 forderte die Pr\u00e4sidentin Lola Garc\u00eda in einem Schreiben den Beauftragten der Regierung auf den Kanarischen Inseln, Anselmo Pestana, und den Innenminister Fernando Grande-Marlaska auf, die Insel zu besuchen, um dieses Thema mit den lokalen Institutionen und Gruppen zu besprechen. Dieses Ersuchen wurde vom Ministerium an die Generaldirektion der Guardia Civil weitergeleitet, um ein Treffen zu organisieren, &#8222;von dem wir bis heute keine Nachricht erhalten haben, weshalb wir im vergangenen Mai erneut schriftlich darum gebeten haben, diese Bitte zu bekr\u00e4ftigen&#8220;. <\/p>\n<\/div>\n","protected":false},"excerpt":{"rendered":"<p>7. Juli, 2025 W\u00e4hrend des Treffens waren sich der Pr\u00e4sident und der Minister einig, dass es notwendig ist, sich daf\u00fcr einzusetzen, dass die jungen Kanarier im Rahmen des Programms &#8222;Verano [&hellip;]<\/p>\n","protected":false},"author":1,"featured_media":6947,"comment_status":"open","ping_status":"open","sticky":false,"template":"","format":"standard","meta":{"inline_featured_image":false,"jnews-multi-image_gallery":[],"jnews_single_post":[],"jnews_primary_category":[],"jnews_social_meta":[],"jnews_override_counter":[],"jnews_post_split":[],"footnotes":""},"categories":[287],"tags":[216,354,263,198],"class_list":["post-6950","post","type-post","status-publish","format-standard","has-post-thumbnail","hentry","category-cabildo-de","tag-fuerteventura-de","tag-jugend","tag-sicherheit","tag-transport"],"jetpack_featured_media_url":"https:\/\/informacionlocal.es\/wp-content\/uploads\/2025\/07\/ddd-2.jpeg","_links":{"self":[{"href":"https:\/\/informacionlocal.es\/de\/wp-json\/wp\/v2\/posts\/6950","targetHints":{"allow":["GET"]}}],"collection":[{"href":"https:\/\/informacionlocal.es\/de\/wp-json\/wp\/v2\/posts"}],"about":[{"href":"https:\/\/informacionlocal.es\/de\/wp-json\/wp\/v2\/types\/post"}],"author":[{"embeddable":true,"href":"https:\/\/informacionlocal.es\/de\/wp-json\/wp\/v2\/users\/1"}],"replies":[{"embeddable":true,"href":"https:\/\/informacionlocal.es\/de\/wp-json\/wp\/v2\/comments?post=6950"}],"version-history":[{"count":0,"href":"https:\/\/informacionlocal.es\/de\/wp-json\/wp\/v2\/posts\/6950\/revisions"}],"wp:featuredmedia":[{"embeddable":true,"href":"https:\/\/informacionlocal.es\/de\/wp-json\/wp\/v2\/media\/6947"}],"wp:attachment":[{"href":"https:\/\/informacionlocal.es\/de\/wp-json\/wp\/v2\/media?parent=6950"}],"wp:term":[{"taxonomy":"category","embeddable":true,"href":"https:\/\/informacionlocal.es\/de\/wp-json\/wp\/v2\/categories?post=6950"},{"taxonomy":"post_tag","embeddable":true,"href":"https:\/\/informacionlocal.es\/de\/wp-json\/wp\/v2\/tags?post=6950"}],"curies":[{"name":"wp","href":"https:\/\/api.w.org\/{rel}","templated":true}]}}