{"id":6938,"date":"2025-07-07T23:58:22","date_gmt":"2025-07-07T22:58:22","guid":{"rendered":"https:\/\/informacionlocal.es\/das-cabildo-und-die-stadtverwaltung-von-la-oliva-koordinieren-die-saeuberung-des-gebiets-um-die-fem-2025\/"},"modified":"2025-07-07T23:58:22","modified_gmt":"2025-07-07T22:58:22","slug":"das-cabildo-und-die-stadtverwaltung-von-la-oliva-koordinieren-die-saeuberung-des-gebiets-um-die-fem-2025","status":"publish","type":"post","link":"https:\/\/informacionlocal.es\/de\/das-cabildo-und-die-stadtverwaltung-von-la-oliva-koordinieren-die-saeuberung-des-gebiets-um-die-fem-2025\/","title":{"rendered":"Das Cabildo und die Stadtverwaltung von La Oliva koordinieren die S\u00e4uberung des Gebiets um die FEM 2025"},"content":{"rendered":"<div class=\"entry-content\"><strong>7. Juli, 2025<\/strong><\/p>\n<p>Am fr\u00fchen Morgen des heutigen Samstags, 5. Juli, fand die Reinigung des Strandes Playa de la Concha im Rahmen des Festivals Fuerteventura en M\u00fasica (FEM) 2025 statt. Diese Aufgaben wurden dank der Koordination zwischen dem Cabildo von Fuerteventura und der Stadtverwaltung von La Oliva von der Abteilung f\u00fcr Reinigung, unter der Leitung von Rub\u00e9n Gonz\u00e1lez, durchgef\u00fchrt. <\/p>\n<p>Dar\u00fcber hinaus sind Umweltarbeiter des Rathauses von La Oliva, das von David Fajardo geleitet wird, in der Umgebung der Baustelle im Einsatz, um sicherzustellen, dass die Umgebung in einwandfreiem Zustand ist, w\u00e4hrend die Umweltf\u00fchrer bis 14.00 Uhr in der Ortschaft El Cotillo Aufkl\u00e4rungsarbeit leisten und Material wie tragbare Aschenbecher verteilen werden.<\/p>\n<p>Das Cabildo von Fuerteventura und der Stadtrat von La Oliva danken der Bev\u00f6lkerung f\u00fcr ihre Aufmerksamkeit und daf\u00fcr, dass sie die FEM 2025 &#8222;ohne Spuren zu hinterlassen&#8220; genossen haben.  <\/p>\n<\/div>\n","protected":false},"excerpt":{"rendered":"<p>7. Juli, 2025 Am fr\u00fchen Morgen des heutigen Samstags, 5. Juli, fand die Reinigung des Strandes Playa de la Concha im Rahmen des Festivals Fuerteventura en M\u00fasica (FEM) 2025 statt. [&hellip;]<\/p>\n","protected":false},"author":1,"featured_media":6935,"comment_status":"open","ping_status":"open","sticky":false,"template":"","format":"standard","meta":{"inline_featured_image":false,"jnews-multi-image_gallery":[],"jnews_single_post":[],"jnews_primary_category":[],"jnews_social_meta":[],"jnews_override_counter":[],"jnews_post_split":[],"footnotes":""},"categories":[287],"tags":[216,199],"class_list":["post-6938","post","type-post","status-publish","format-standard","has-post-thumbnail","hentry","category-cabildo-de","tag-fuerteventura-de","tag-umwelt"],"jetpack_featured_media_url":"https:\/\/informacionlocal.es\/wp-content\/uploads\/2025\/07\/eeee-2.jpeg","_links":{"self":[{"href":"https:\/\/informacionlocal.es\/de\/wp-json\/wp\/v2\/posts\/6938","targetHints":{"allow":["GET"]}}],"collection":[{"href":"https:\/\/informacionlocal.es\/de\/wp-json\/wp\/v2\/posts"}],"about":[{"href":"https:\/\/informacionlocal.es\/de\/wp-json\/wp\/v2\/types\/post"}],"author":[{"embeddable":true,"href":"https:\/\/informacionlocal.es\/de\/wp-json\/wp\/v2\/users\/1"}],"replies":[{"embeddable":true,"href":"https:\/\/informacionlocal.es\/de\/wp-json\/wp\/v2\/comments?post=6938"}],"version-history":[{"count":0,"href":"https:\/\/informacionlocal.es\/de\/wp-json\/wp\/v2\/posts\/6938\/revisions"}],"wp:featuredmedia":[{"embeddable":true,"href":"https:\/\/informacionlocal.es\/de\/wp-json\/wp\/v2\/media\/6935"}],"wp:attachment":[{"href":"https:\/\/informacionlocal.es\/de\/wp-json\/wp\/v2\/media?parent=6938"}],"wp:term":[{"taxonomy":"category","embeddable":true,"href":"https:\/\/informacionlocal.es\/de\/wp-json\/wp\/v2\/categories?post=6938"},{"taxonomy":"post_tag","embeddable":true,"href":"https:\/\/informacionlocal.es\/de\/wp-json\/wp\/v2\/tags?post=6938"}],"curies":[{"name":"wp","href":"https:\/\/api.w.org\/{rel}","templated":true}]}}