{"id":6902,"date":"2025-07-07T21:01:58","date_gmt":"2025-07-07T20:01:58","guid":{"rendered":"https:\/\/informacionlocal.es\/sommercamp-in-puerto-del-rosario-fuer-kinder-und-jugendliche-mit-funktioneller-vielfalt\/"},"modified":"2025-07-07T21:01:58","modified_gmt":"2025-07-07T20:01:58","slug":"sommercamp-in-puerto-del-rosario-fuer-kinder-und-jugendliche-mit-funktioneller-vielfalt","status":"publish","type":"post","link":"https:\/\/informacionlocal.es\/de\/sommercamp-in-puerto-del-rosario-fuer-kinder-und-jugendliche-mit-funktioneller-vielfalt\/","title":{"rendered":"Sommercamp in Puerto del Rosario f\u00fcr Kinder und Jugendliche mit funktioneller Vielfalt"},"content":{"rendered":"<div class=\"entry-content\">\n<p><strong>Ein Sommercamp <\/strong>f\u00fcr <strong>Kinder und Jugendliche mit funktionaler Vielfalt im Alter von 6 bis 15 Jahren<\/strong> <strong>beginnt <\/strong>am <strong>14. Juli <\/strong>und dauert bis zum <strong>14. August<\/strong> im <strong>Sonderp\u00e4dagogischen Zentrum in Puerto del Rosario<\/strong>.<\/p>\n<p>Dieses Projekt wurde mit dem Ziel ins Leben gerufen, w\u00e4hrend der Sommermonate einen sicheren, unterhaltsamen und bereichernden Raum zu bieten, der das <strong>Zusammenleben, die Autonomie, die Kreativit\u00e4t und die aktive Teilnahme<\/strong> der Kinder an Aktivit\u00e4ten f\u00f6rdert, die ihren F\u00e4higkeiten und Interessen entsprechen.<\/p>\n<p>Das Camp wird \u00fcber ein multidisziplin\u00e4res Team von Fachleuten verf\u00fcgen, die auf die Ber\u00fccksichtigung von Vielfalt spezialisiert sind, sowie \u00fcber Freizeitbetreuer, die f\u00fcr Inklusion und Zug\u00e4nglichkeit ausgebildet sind.<\/p>\n<p>W\u00e4hrend des einmonatigen Programms werden die Kinder und Jugendlichen ein breites Spektrum an Freizeit-, Sport-, Kunst- und Sinnesaktivit\u00e4ten genie\u00dfen, immer in einer Umgebung, die von Respekt und pers\u00f6nlicher Begleitung gepr\u00e4gt ist.<\/p>\n<p>Bei diesem Projekt handelt es sich um eine Initiative, die von der CAI (Kinderfreundliche Stadt Puerto del Rosario) in Zusammenarbeit mit den Sozial- und Gesundheitsdiensten von Danae gef\u00f6rdert wird und die ihr Engagement f\u00fcr die soziale Eingliederung und das Wohlergehen von Kindern unterstreicht. Es dient der Verwirklichung der Aktion Nr. 6 des zweiten st\u00e4dtischen Plans f\u00fcr Kindheit und Jugend (2023-2027) https:\/\/www.puertodelrosario.org\/wp-content\/uploads\/II-Plan-Municipal-de-la-Infancia-y-la-Adolescencia-de-Puerto-del-Rosario_DEF_3.pdf. <\/p>\n<p><strong>F\u00fcr weitere Informationen und Anmeldung:<\/strong><\/p>\n<ul>\n<li>Veranstaltungsort: Sonderp\u00e4dagogisches Zentrum von Puerto del Rosario.<\/li>\n<li>Telefon: 672429563<\/li>\n<li>E-Mail: campamentostisajoyre@gmail.com<\/li>\n<li>Link: https:\/\/forms.gle\/dpdgVpqMmcFKsNiLA<\/li>\n<\/ul>\n<\/div>\n","protected":false},"excerpt":{"rendered":"<p>Ein Sommercamp f\u00fcr Kinder und Jugendliche mit funktionaler Vielfalt im Alter von 6 bis 15 Jahren beginnt am 14. Juli und dauert bis zum 14. August im Sonderp\u00e4dagogischen Zentrum in [&hellip;]<\/p>\n","protected":false},"author":1,"featured_media":6899,"comment_status":"open","ping_status":"open","sticky":false,"template":"","format":"standard","meta":{"inline_featured_image":false,"jnews-multi-image_gallery":[],"jnews_single_post":[],"jnews_primary_category":[],"jnews_social_meta":[],"jnews_override_counter":[],"jnews_post_split":[],"footnotes":""},"categories":[293],"tags":[306],"class_list":["post-6902","post","type-post","status-publish","format-standard","has-post-thumbnail","hentry","category-puerto-del-rosario-de","tag-educacion-de"],"jetpack_featured_media_url":"https:\/\/informacionlocal.es\/wp-content\/uploads\/2025\/07\/manualidades-titu-ninos-funcional.jpg","_links":{"self":[{"href":"https:\/\/informacionlocal.es\/de\/wp-json\/wp\/v2\/posts\/6902","targetHints":{"allow":["GET"]}}],"collection":[{"href":"https:\/\/informacionlocal.es\/de\/wp-json\/wp\/v2\/posts"}],"about":[{"href":"https:\/\/informacionlocal.es\/de\/wp-json\/wp\/v2\/types\/post"}],"author":[{"embeddable":true,"href":"https:\/\/informacionlocal.es\/de\/wp-json\/wp\/v2\/users\/1"}],"replies":[{"embeddable":true,"href":"https:\/\/informacionlocal.es\/de\/wp-json\/wp\/v2\/comments?post=6902"}],"version-history":[{"count":0,"href":"https:\/\/informacionlocal.es\/de\/wp-json\/wp\/v2\/posts\/6902\/revisions"}],"wp:featuredmedia":[{"embeddable":true,"href":"https:\/\/informacionlocal.es\/de\/wp-json\/wp\/v2\/media\/6899"}],"wp:attachment":[{"href":"https:\/\/informacionlocal.es\/de\/wp-json\/wp\/v2\/media?parent=6902"}],"wp:term":[{"taxonomy":"category","embeddable":true,"href":"https:\/\/informacionlocal.es\/de\/wp-json\/wp\/v2\/categories?post=6902"},{"taxonomy":"post_tag","embeddable":true,"href":"https:\/\/informacionlocal.es\/de\/wp-json\/wp\/v2\/tags?post=6902"}],"curies":[{"name":"wp","href":"https:\/\/api.w.org\/{rel}","templated":true}]}}