{"id":6879,"date":"2025-07-07T19:03:24","date_gmt":"2025-07-07T18:03:24","guid":{"rendered":"https:\/\/informacionlocal.es\/puerto-del-rosario-benoetigt-strategische-verbesserungen-um-einen-wettbewerbsfaehigen-und-nachhaltigen-hafen-zu-gewaehrleisten\/"},"modified":"2025-07-07T19:03:24","modified_gmt":"2025-07-07T18:03:24","slug":"puerto-del-rosario-benoetigt-strategische-verbesserungen-um-einen-wettbewerbsfaehigen-und-nachhaltigen-hafen-zu-gewaehrleisten","status":"publish","type":"post","link":"https:\/\/informacionlocal.es\/de\/puerto-del-rosario-benoetigt-strategische-verbesserungen-um-einen-wettbewerbsfaehigen-und-nachhaltigen-hafen-zu-gewaehrleisten\/","title":{"rendered":"Puerto del Rosario ben\u00f6tigt strategische Verbesserungen, um einen wettbewerbsf\u00e4higen und nachhaltigen Hafen zu gew\u00e4hrleisten."},"content":{"rendered":"<div class=\"entry-content\">\n<p>Der Stadtrat von Puerto del Rosario bekr\u00e4ftigt sein Engagement f\u00fcr die Wettbewerbsf\u00e4higkeit und die Modernisierung des einzigen Hafens von staatlichem Interesse auf der Insel Fuerteventura, der als wichtige Infrastruktur f\u00fcr die Wirtschaft der Insel und die Schaffung von Arbeitspl\u00e4tzen gilt.<\/p>\n<p>Zu den vorrangigen Ma\u00dfnahmen geh\u00f6ren der Ausbau der Anlegestellen, die Elektrifizierung der Docks zur Verringerung der L\u00e4rmbelastung und der Umweltauswirkungen sowie die Bereitstellung von st\u00e4ndigem Personal f\u00fcr die Pflanzenschutzkontrollstelle. Diese Ma\u00dfnahmen zielen darauf ab, historische M\u00e4ngel zu beheben, die die Ein- und Ausfuhr von Waren einschr\u00e4nken. <\/p>\n<p>Der B\u00fcrgermeister, <strong>David de Vera<\/strong>, betont, dass <em>&#8222;unser Hafen ein strategisches Element f\u00fcr die Insel ist. Wir k\u00f6nnen nicht zulassen, dass fehlende Mittel oder falsche Entscheidungen die Entwicklung von Unternehmen bremsen und die Kosten f\u00fcr Selbstst\u00e4ndige, H\u00e4ndler und Spediteure erh\u00f6hen&#8220;.<\/em><\/p>\n<p>In den letzten Monaten hat die Gemeindeverwaltung Treffen mit dem Pr\u00e4sidenten des Cabildo von Fuerteventura, Vertretern der Handelskammer und betroffenen Gesch\u00e4ftsleuten koordiniert, um die Hafenbeh\u00f6rde und das Landwirtschaftsministerium auf die dringende Notwendigkeit hinzuweisen, die Stellen der Pflanzenschutzinspektoren auf einer stabilen Basis zu besetzen.<\/p>\n<p>Derzeit zwingt dieses Defizit viele Unternehmen dazu, ihre Waren in nahegelegene H\u00e4fen wie Arrecife oder Las Palmas umzuleiten, was eine \u00dcberschreitung der Logistikkosten bedeutet, die sich unmittelbar auf die Wettbewerbsf\u00e4higkeit der mallorquinischen Wirtschaft auswirkt.<\/p>\n<p>De Vera betont, dass <em>&#8222;die doppelte Insellage keine Entschuldigung mehr sein kann, um das Fehlen grundlegender Dienstleistungen in unserem Hafen zu akzeptieren. Wir fordern, dass Fuerteventura gleichberechtigt behandelt wird und dass die Anwesenheit des notwendigen Personals f\u00fcr Inspektionen und Zollverfahren gew\u00e4hrleistet wird&#8220;.<\/em><\/p>\n<p>Ein weiterer wichtiger Aspekt ist die Notwendigkeit, die Situation der derzeitigen Majorera-Stauerei zu entsch\u00e4rfen, deren Erweiterung und Managementmodell zu Kapazit\u00e4tsbeschr\u00e4nkungen und einer Verlangsamung des Betriebs f\u00fchren. <em>&#8222;Wir wollen einen Hafen, der f\u00fcr den freien Wettbewerb zwischen Reedereien offen ist und neue Routen und Logistikunternehmen anzieht. Deshalb haben wir die Hafenbeh\u00f6rde um die vollst\u00e4ndigen Konzessionsunterlagen gebeten und f\u00fchren Gespr\u00e4che mit Schifffahrtsunternehmen, die daran interessiert sind, von Puerto del Rosario aus zu operieren&#8220;,<\/em> erkl\u00e4rt der B\u00fcrgermeister.<\/p>\n<p>Das Konsistorium erinnert daran, dass bereits Projekte zur Modernisierung der Kaianlagen mit Investitionen in H\u00f6he von fast 40 Millionen Euro eingeleitet wurden, die auf die Erweiterung der Liegepl\u00e4tze und die Installation von OPS (Port Power Supply Systems) abzielen, die L\u00e4rm und Emissionen bei An- und Ablegeman\u00f6vern reduzieren.<\/p>\n<p><em>&#8222;Wir d\u00fcrfen nicht zulassen, dass diese strategische Infrastruktur eine Bremse ist. Wir haben die M\u00f6glichkeit, unseren Hafen in eine logistische Referenz umzuwandeln, die effizienter und umweltfreundlicher ist und sich an den tats\u00e4chlichen Anforderungen der Wirtschaft orientiert&#8220;,<\/em> so De Vera.<\/p>\n<p>Der B\u00fcrgermeister unterstreicht die Bedeutung des neuen strategischen Plans f\u00fcr den Hafen, der Hand in Hand mit den Wirtschaftssektoren Fuerteventuras erstellt wird: <em>&#8222;Nur so werden wir in der Lage sein, auf die Bed\u00fcrfnisse der Zukunft zu reagieren, Investitionen anzuziehen und zu garantieren, dass unser Hafen der Motor des Fortschritts f\u00fcr die gesamte Insel sein wird&#8220;,<\/em> schlie\u00dft er.<\/p>\n<\/div>\n","protected":false},"excerpt":{"rendered":"<p>Der Stadtrat von Puerto del Rosario bekr\u00e4ftigt sein Engagement f\u00fcr die Wettbewerbsf\u00e4higkeit und die Modernisierung des einzigen Hafens von staatlichem Interesse auf der Insel Fuerteventura, der als wichtige Infrastruktur f\u00fcr [&hellip;]<\/p>\n","protected":false},"author":1,"featured_media":6875,"comment_status":"open","ping_status":"open","sticky":false,"template":"","format":"standard","meta":{"inline_featured_image":false,"jnews-multi-image_gallery":[],"jnews_single_post":[],"jnews_primary_category":[],"jnews_social_meta":[],"jnews_override_counter":[],"jnews_post_split":[],"footnotes":""},"categories":[293],"tags":[216],"class_list":["post-6879","post","type-post","status-publish","format-standard","has-post-thumbnail","hentry","category-puerto-del-rosario-de","tag-fuerteventura-de"],"jetpack_featured_media_url":"https:\/\/informacionlocal.es\/wp-content\/uploads\/2025\/07\/alcalde-titu-en-muelle-scaled-1.jpg","_links":{"self":[{"href":"https:\/\/informacionlocal.es\/de\/wp-json\/wp\/v2\/posts\/6879","targetHints":{"allow":["GET"]}}],"collection":[{"href":"https:\/\/informacionlocal.es\/de\/wp-json\/wp\/v2\/posts"}],"about":[{"href":"https:\/\/informacionlocal.es\/de\/wp-json\/wp\/v2\/types\/post"}],"author":[{"embeddable":true,"href":"https:\/\/informacionlocal.es\/de\/wp-json\/wp\/v2\/users\/1"}],"replies":[{"embeddable":true,"href":"https:\/\/informacionlocal.es\/de\/wp-json\/wp\/v2\/comments?post=6879"}],"version-history":[{"count":0,"href":"https:\/\/informacionlocal.es\/de\/wp-json\/wp\/v2\/posts\/6879\/revisions"}],"wp:featuredmedia":[{"embeddable":true,"href":"https:\/\/informacionlocal.es\/de\/wp-json\/wp\/v2\/media\/6875"}],"wp:attachment":[{"href":"https:\/\/informacionlocal.es\/de\/wp-json\/wp\/v2\/media?parent=6879"}],"wp:term":[{"taxonomy":"category","embeddable":true,"href":"https:\/\/informacionlocal.es\/de\/wp-json\/wp\/v2\/categories?post=6879"},{"taxonomy":"post_tag","embeddable":true,"href":"https:\/\/informacionlocal.es\/de\/wp-json\/wp\/v2\/tags?post=6879"}],"curies":[{"name":"wp","href":"https:\/\/api.w.org\/{rel}","templated":true}]}}